{"id":195772,"date":"2022-03-07T14:14:54","date_gmt":"2022-03-07T17:14:54","guid":{"rendered":"https:\/\/diarioregionaldigital.com.br\/?p=195772"},"modified":"2022-03-07T14:14:54","modified_gmt":"2022-03-07T17:14:54","slug":"estado-inicia-distribuicao-de-110-mil-vacinas-pediatricas-da-pfizer","status":"publish","type":"post","link":"https:\/\/diarioregionaldigital.com.br\/?p=195772","title":{"rendered":"Estado inicia distribui\u00e7\u00e3o de 110 mil vacinas pedi\u00e1tricas da Pfizer"},"content":{"rendered":"<p>O\u00a0<a href=\"http:\/\/www.mg.gov.br\/\" target=\"_blank\" rel=\"noopener\">Governo de Minas Gerais<\/a>\u00a0iniciou nesta sexta-feira (4\/3)\u00a0a distribui\u00e7\u00e3o de uma remessa de 110 mil doses de vacinas da Pfizer pedi\u00e1trica para imuniza\u00e7\u00e3o contra a covid-19. O quantitativo ser\u00e1 destinado \u00e0 aplica\u00e7\u00e3o de segunda dose (D2) para a popula\u00e7\u00e3o de 5 a 11 anos de idade. A remessa integra o 92\u00ba lote de vacinas enviado pelo Minist\u00e9rio da Sa\u00fade.<\/p>\n<p>O lote chegou ao Aeroporto internacional de Belo Horizonte,\u00a0em Confins, e de l\u00e1 foi encaminhado \u00e0 Central Estadual da Rede de Frio. Ap\u00f3s confer\u00eancia e separa\u00e7\u00e3o, a\u00a0<a href=\"http:\/\/www.saude.mg.gov.br\/\" target=\"_blank\" rel=\"noopener\">Secretaria de Estado de Sa\u00fade de Minas Gerais (SES-MG)<\/a>\u00a0come\u00e7ou\u00a0imediatamente a distribui\u00e7\u00e3o dos imunizantes.<\/p>\n<p>A Superintend\u00eancia Regional de Sa\u00fade de Belo Horizonte e a pr\u00f3pria capital j\u00e1 receberam as doses da remessa. As demais Unidades Regionais de Sa\u00fade devem buscar os quantitativos relativos aos respectivos munic\u00edpios de abrang\u00eancia a partir da pr\u00f3xima segunda-feira (7\/3).<\/p>\n<ul>\n<li><a href=\"https:\/\/www.agenciaminas.mg.gov.br\/ckeditor_assets\/attachments\/13396\/lote_92_-_10_remessa_pediatrica_040322.xlsx\" target=\"_blank\" rel=\"noopener\">Clique aqui<\/a>\u00a0para verificar a quantidade de doses destinadas a cada munic\u00edpio mineiro da remessa de Pfizer pedi\u00e1trica do lote 92.<\/li>\n<\/ul>\n<p>At\u00e9 o momento, o estado\u00a0j\u00e1 vacinou mais de 970 mil crian\u00e7as contra a covid. Ao todo, j\u00e1 foram administradas mais de 40,4 milh\u00f5es de doses de imunizantes na popula\u00e7\u00e3o com mais de 5 anos de idade.<\/p>\n<p>Fonte: Ag\u00eancia Minas<\/p>\n","protected":false},"excerpt":{"rendered":"<p>O\u00a0Governo de Minas Gerais\u00a0iniciou nesta sexta-feira (4\/3)\u00a0a distribui\u00e7\u00e3o de uma remessa de 110 mil doses de vacinas da Pfizer pedi\u00e1trica para imuniza\u00e7\u00e3o contra a covid-19. O quantitativo ser\u00e1 destinado \u00e0 aplica\u00e7\u00e3o de segunda dose (D2) para a popula\u00e7\u00e3o de 5 a 11 anos de idade. A remessa integra o 92\u00ba lote de vacinas enviado pelo [&hellip;]<\/p>\n","protected":false},"author":246,"featured_media":195773,"comment_status":"closed","ping_status":"closed","sticky":false,"template":"","format":"standard","meta":{"footnotes":""},"categories":[436,254,439],"tags":[],"class_list":["post-195772","post","type-post","status-publish","format-standard","has-post-thumbnail","hentry","category-destaque-da-semana","category-politica","category-ultima-hora"],"_links":{"self":[{"href":"https:\/\/diarioregionaldigital.com.br\/index.php?rest_route=\/wp\/v2\/posts\/195772","targetHints":{"allow":["GET"]}}],"collection":[{"href":"https:\/\/diarioregionaldigital.com.br\/index.php?rest_route=\/wp\/v2\/posts"}],"about":[{"href":"https:\/\/diarioregionaldigital.com.br\/index.php?rest_route=\/wp\/v2\/types\/post"}],"author":[{"embeddable":true,"href":"https:\/\/diarioregionaldigital.com.br\/index.php?rest_route=\/wp\/v2\/users\/246"}],"replies":[{"embeddable":true,"href":"https:\/\/diarioregionaldigital.com.br\/index.php?rest_route=%2Fwp%2Fv2%2Fcomments&post=195772"}],"version-history":[{"count":1,"href":"https:\/\/diarioregionaldigital.com.br\/index.php?rest_route=\/wp\/v2\/posts\/195772\/revisions"}],"predecessor-version":[{"id":195774,"href":"https:\/\/diarioregionaldigital.com.br\/index.php?rest_route=\/wp\/v2\/posts\/195772\/revisions\/195774"}],"wp:featuredmedia":[{"embeddable":true,"href":"https:\/\/diarioregionaldigital.com.br\/index.php?rest_route=\/wp\/v2\/media\/195773"}],"wp:attachment":[{"href":"https:\/\/diarioregionaldigital.com.br\/index.php?rest_route=%2Fwp%2Fv2%2Fmedia&parent=195772"}],"wp:term":[{"taxonomy":"category","embeddable":true,"href":"https:\/\/diarioregionaldigital.com.br\/index.php?rest_route=%2Fwp%2Fv2%2Fcategories&post=195772"},{"taxonomy":"post_tag","embeddable":true,"href":"https:\/\/diarioregionaldigital.com.br\/index.php?rest_route=%2Fwp%2Fv2%2Ftags&post=195772"}],"curies":[{"name":"wp","href":"https:\/\/api.w.org\/{rel}","templated":true}]}}