{"id":195766,"date":"2022-03-07T14:08:53","date_gmt":"2022-03-07T17:08:53","guid":{"rendered":"https:\/\/diarioregionaldigital.com.br\/?p=195766"},"modified":"2022-03-07T14:08:53","modified_gmt":"2022-03-07T17:08:53","slug":"mercado-projeta-inflacao-de-565-para-este-ano","status":"publish","type":"post","link":"https:\/\/diarioregionaldigital.com.br\/?p=195766","title":{"rendered":"Mercado projeta infla\u00e7\u00e3o de 5,65% para este ano"},"content":{"rendered":"<p>O mercado financeiro aumentou novamente a previs\u00e3o de infla\u00e7\u00e3o para este ano. Segundo proje\u00e7\u00e3o do Boletim Focus, divulgado hoje (2) pelo Banco Central, o \u00cdndice de Pre\u00e7os ao Consumidor Amplo (IPCA) deve fechar este ano em 5,65%. \u00c9 a oitava vez consecutiva que o mercado projeta uma eleva\u00e7\u00e3o no IPCA. H\u00e1 uma semana, a proje\u00e7\u00e3o do mercado era de que a infla\u00e7\u00e3o este ano ficasse em 5,6%. H\u00e1 quatro semanas, a previs\u00e3o era de 5,44%.<img decoding=\"async\" src=\"https:\/\/agenciabrasil.ebc.com.br\/ebc.png?id=1446592&amp;o=node\" \/><img decoding=\"async\" src=\"https:\/\/agenciabrasil.ebc.com.br\/ebc.gif?id=1446592&amp;o=node\" \/><\/p>\n<p>Divulgado semanalmente, o Boletim Focus re\u00fane a proje\u00e7\u00e3o de mais de 100 institui\u00e7\u00f5es do mercado para os principais indicadores econ\u00f4micos do pa\u00eds. H\u00e1 algumas semanas as estimativas do mercado j\u00e1 estavam apontando para uma infla\u00e7\u00e3o este ano acima da meta definida pelo Conselho Monet\u00e1rio Nacional (CMN) de 3,5%, com varia\u00e7\u00e3o de 1,5 ponto percentual.<\/p>\n<p>Em fevereiro, o Comit\u00ea de Pol\u00edtica Monet\u00e1ria (Copom) tamb\u00e9m mostrou em ata que suas proje\u00e7\u00f5es para a infla\u00e7\u00e3o estavam acima da meta.<\/p>\n<p>\u201cAs proje\u00e7\u00f5es de infla\u00e7\u00e3o do Copom situam-se em torno de 5,4% para 2022 e 3,2% para 2023. Esse cen\u00e1rio sup\u00f5e trajet\u00f3ria de juros que se eleva para 12% a.a. no primeiro semestre de 2022, termina o ano em 11,75% a.a\u201d, diz a ata do Copom.<\/p>\n<p>Para 2023, o mercado manteve a meta da semana passada em rela\u00e7\u00e3o \u00e0 evolu\u00e7\u00e3o do IPCA. Com isso, a proje\u00e7\u00e3o desta semana aponta uma infla\u00e7\u00e3o de 3,51%. H\u00e1 quatro semanas, a proje\u00e7\u00e3o era de uma infla\u00e7\u00e3o de 3,5% no pr\u00f3ximo ano.<\/p>\n<p>Para 2024, o mercado tamb\u00e9m manteve a proje\u00e7\u00e3o da semana passada de 3,1%.<\/p>\n<h2>PIB<\/h2>\n<p>Na proje\u00e7\u00e3o dessa semana, o Focus tamb\u00e9m elevou a previs\u00e3o do Produto Interno Bruto (PIB, soma dos bens e servi\u00e7os produzidos no pa\u00eds) registrada h\u00e1 sete dias. A nova proje\u00e7\u00e3o \u00e9 de PIB de 0,42%, em 2022, ante o 0,3% previsto na semana passada. A eleva\u00e7\u00e3o ocorre ap\u00f3s a divulga\u00e7\u00e3o do PIB de 2021, que foi de 4,6%.<\/p>\n<p>Para 2023, o boletim Focus tamb\u00e9m registrou a mesma expectativa de PIB da semana passada, de 1,5%. H\u00e1 quatro semanas, a previs\u00e3o era de que o PIB crescesse 1,53%. Para 2024, ficou est\u00e1vel, em 2%.<\/p>\n<h2>Taxa de juros e c\u00e2mbio<\/h2>\n<p>O mercado manteve a previs\u00e3o para a taxa b\u00e1sica de juros, a Selic, para 2022. Na proje\u00e7\u00e3o divulgada nesta segunda-feira, a Selic deve ficar em 12,25%. H\u00e1 quatro semanas, a proje\u00e7\u00e3o era de que os juros ficassem em 11,75%.<\/p>\n<p>Em fevereiro, al\u00e9m de estimar uma infla\u00e7\u00e3o acima da meta, o\u00a0<a href=\"https:\/\/agenciabrasil.ebc.com.br\/economia\/noticia\/2022-02\/copom-eleva-juros-basicos-da-economia-para-1075-ao-ano\" target=\"_blank\" rel=\"noopener\">Copom tamb\u00e9m aumentou a taxa de juros de 9,25% para 10,75% ao ano<\/a>. Em comunicado, o comit\u00ea indicou que continuar\u00e1 a elevar os juros b\u00e1sicos at\u00e9 que a infla\u00e7\u00e3o esteja controlada no m\u00e9dio prazo.<\/p>\n<p>Para o fim de 2023, a estimativa do mercado \u00e9 que a taxa b\u00e1sica fique em 8,5% ao ano, ante os 8% da semana passada. E para 2024, a previs\u00e3o tamb\u00e9m aumentou, passando de 7,25% na semana anterior para 7,38% ao ano.<\/p>\n<p>A expectativa do mercado para a cota\u00e7\u00e3o do d\u00f3lar em 2022 ficou em R$ 5,40, uma redu\u00e7\u00e3o em rela\u00e7\u00e3o ao projetado na semana passada, quando o mercado previa um c\u00e2mbio R$ 5,50. Para o pr\u00f3ximo ano, a previs\u00e3o do mercado tamb\u00e9m diminuiu, passando de R$ 5,31 para R$ 5,30. Para 2024, a estimativa para a cota\u00e7\u00e3o da moeda americana ficou em R$ 5,30, mesmo valor projetado na semana passada.<\/p>\n<p>Fonte: Ag\u00eancia Brasil<\/p>\n","protected":false},"excerpt":{"rendered":"<p>O mercado financeiro aumentou novamente a previs\u00e3o de infla\u00e7\u00e3o para este ano. Segundo proje\u00e7\u00e3o do Boletim Focus, divulgado hoje (2) pelo Banco Central, o \u00cdndice de Pre\u00e7os ao Consumidor Amplo (IPCA) deve fechar este ano em 5,65%. \u00c9 a oitava vez consecutiva que o mercado projeta uma eleva\u00e7\u00e3o no IPCA. H\u00e1 uma semana, a proje\u00e7\u00e3o [&hellip;]<\/p>\n","protected":false},"author":246,"featured_media":195767,"comment_status":"closed","ping_status":"closed","sticky":false,"template":"","format":"standard","meta":{"footnotes":""},"categories":[436,261,439],"tags":[],"class_list":["post-195766","post","type-post","status-publish","format-standard","has-post-thumbnail","hentry","category-destaque-da-semana","category-economia","category-ultima-hora"],"_links":{"self":[{"href":"https:\/\/diarioregionaldigital.com.br\/index.php?rest_route=\/wp\/v2\/posts\/195766","targetHints":{"allow":["GET"]}}],"collection":[{"href":"https:\/\/diarioregionaldigital.com.br\/index.php?rest_route=\/wp\/v2\/posts"}],"about":[{"href":"https:\/\/diarioregionaldigital.com.br\/index.php?rest_route=\/wp\/v2\/types\/post"}],"author":[{"embeddable":true,"href":"https:\/\/diarioregionaldigital.com.br\/index.php?rest_route=\/wp\/v2\/users\/246"}],"replies":[{"embeddable":true,"href":"https:\/\/diarioregionaldigital.com.br\/index.php?rest_route=%2Fwp%2Fv2%2Fcomments&post=195766"}],"version-history":[{"count":1,"href":"https:\/\/diarioregionaldigital.com.br\/index.php?rest_route=\/wp\/v2\/posts\/195766\/revisions"}],"predecessor-version":[{"id":195768,"href":"https:\/\/diarioregionaldigital.com.br\/index.php?rest_route=\/wp\/v2\/posts\/195766\/revisions\/195768"}],"wp:featuredmedia":[{"embeddable":true,"href":"https:\/\/diarioregionaldigital.com.br\/index.php?rest_route=\/wp\/v2\/media\/195767"}],"wp:attachment":[{"href":"https:\/\/diarioregionaldigital.com.br\/index.php?rest_route=%2Fwp%2Fv2%2Fmedia&parent=195766"}],"wp:term":[{"taxonomy":"category","embeddable":true,"href":"https:\/\/diarioregionaldigital.com.br\/index.php?rest_route=%2Fwp%2Fv2%2Fcategories&post=195766"},{"taxonomy":"post_tag","embeddable":true,"href":"https:\/\/diarioregionaldigital.com.br\/index.php?rest_route=%2Fwp%2Fv2%2Ftags&post=195766"}],"curies":[{"name":"wp","href":"https:\/\/api.w.org\/{rel}","templated":true}]}}