{"id":195760,"date":"2022-03-07T14:05:35","date_gmt":"2022-03-07T17:05:35","guid":{"rendered":"https:\/\/diarioregionaldigital.com.br\/?p=195760"},"modified":"2022-03-07T14:05:35","modified_gmt":"2022-03-07T17:05:35","slug":"ipea-investimentos-avancam-172-em-2021","status":"publish","type":"post","link":"https:\/\/diarioregionaldigital.com.br\/?p=195760","title":{"rendered":"Ipea: Investimentos avan\u00e7am 17,2% em 2021"},"content":{"rendered":"<p>Os investimentos avan\u00e7am no Brasil e, no acumulado de 12 meses, em 2021, t\u00eam crescimento de 17,2%, de acordo com o Instituto de Pesquisa Econ\u00f4mica Aplicada (Ipea). Os dados s\u00e3o do Indicador Ipea de Forma\u00e7\u00e3o Bruta de Capital Fixo (FBCF).<img decoding=\"async\" src=\"https:\/\/agenciabrasil.ebc.com.br\/ebc.png?id=1446485&amp;o=node\" \/><img decoding=\"async\" src=\"https:\/\/agenciabrasil.ebc.com.br\/ebc.gif?id=1446485&amp;o=node\" \/><\/p>\n<p>A FBCF \u00e9 composta por m\u00e1quinas e equipamentos, constru\u00e7\u00e3o civil e outros ativos fixos. A evolu\u00e7\u00e3o do indicador representa aumento da capacidade produtiva da economia e a reposi\u00e7\u00e3o da deprecia\u00e7\u00e3o do estoque de capital fixo.<\/p>\n<p>Considerando apenas dezembro, o indicador mostra um crescimento de 2,7% na compara\u00e7\u00e3o entre dezembro e novembro de 2021, na s\u00e9rie com ajuste sazonal. Com isso, o quarto trimestre fechou com uma alta de 0,4%. Nas compara\u00e7\u00f5es com os mesmos per\u00edodos de 2020, enquanto dezembro registrou uma queda de 6,4%, o quarto trimestre cresceu 3,4%.<\/p>\n<h2>Componentes do indicador<\/h2>\n<p>O consumo aparente de m\u00e1quinas e equipamentos, que corresponde \u00e0 produ\u00e7\u00e3o nacional destinada ao mercado interno acrescida \u00e0s importa\u00e7\u00f5es, apresentou um avan\u00e7o de 9,3% em dezembro, encerrando o quarto trimestre com uma alta de 3,7%.<\/p>\n<p>A produ\u00e7\u00e3o nacional de m\u00e1quinas e equipamentos avan\u00e7ou 0,5% em dezembro e a importa\u00e7\u00e3o cresceu 11% no mesmo per\u00edodo. Com isso, as importa\u00e7\u00f5es cresceram 5,9% no quarto trimestre. A produ\u00e7\u00e3o nacional, por sua vez, encerrou o per\u00edodo com uma queda de 1,6%. No acumulado em doze meses, a demanda interna por m\u00e1quinas e equipamentos registrou um aumento de 23,6%.<\/p>\n<p>Os investimentos em constru\u00e7\u00e3o civil tamb\u00e9m avan\u00e7aram em dezembro, na s\u00e9rie dessazonalizada, registrando alta de 0,6%. Com isso, o segmento registrou um avan\u00e7o de 0,7% no quarto trimestre, encerrando 2021 com expans\u00e3o de 12,8%.<\/p>\n<p>Fonte: Ag\u00eancia Brasil<\/p>\n","protected":false},"excerpt":{"rendered":"<p>Os investimentos avan\u00e7am no Brasil e, no acumulado de 12 meses, em 2021, t\u00eam crescimento de 17,2%, de acordo com o Instituto de Pesquisa Econ\u00f4mica Aplicada (Ipea). Os dados s\u00e3o do Indicador Ipea de Forma\u00e7\u00e3o Bruta de Capital Fixo (FBCF). A FBCF \u00e9 composta por m\u00e1quinas e equipamentos, constru\u00e7\u00e3o civil e outros ativos fixos. A [&hellip;]<\/p>\n","protected":false},"author":246,"featured_media":195761,"comment_status":"closed","ping_status":"closed","sticky":false,"template":"","format":"standard","meta":{"footnotes":""},"categories":[436,261,439],"tags":[],"class_list":["post-195760","post","type-post","status-publish","format-standard","has-post-thumbnail","hentry","category-destaque-da-semana","category-economia","category-ultima-hora"],"_links":{"self":[{"href":"https:\/\/diarioregionaldigital.com.br\/index.php?rest_route=\/wp\/v2\/posts\/195760","targetHints":{"allow":["GET"]}}],"collection":[{"href":"https:\/\/diarioregionaldigital.com.br\/index.php?rest_route=\/wp\/v2\/posts"}],"about":[{"href":"https:\/\/diarioregionaldigital.com.br\/index.php?rest_route=\/wp\/v2\/types\/post"}],"author":[{"embeddable":true,"href":"https:\/\/diarioregionaldigital.com.br\/index.php?rest_route=\/wp\/v2\/users\/246"}],"replies":[{"embeddable":true,"href":"https:\/\/diarioregionaldigital.com.br\/index.php?rest_route=%2Fwp%2Fv2%2Fcomments&post=195760"}],"version-history":[{"count":1,"href":"https:\/\/diarioregionaldigital.com.br\/index.php?rest_route=\/wp\/v2\/posts\/195760\/revisions"}],"predecessor-version":[{"id":195762,"href":"https:\/\/diarioregionaldigital.com.br\/index.php?rest_route=\/wp\/v2\/posts\/195760\/revisions\/195762"}],"wp:featuredmedia":[{"embeddable":true,"href":"https:\/\/diarioregionaldigital.com.br\/index.php?rest_route=\/wp\/v2\/media\/195761"}],"wp:attachment":[{"href":"https:\/\/diarioregionaldigital.com.br\/index.php?rest_route=%2Fwp%2Fv2%2Fmedia&parent=195760"}],"wp:term":[{"taxonomy":"category","embeddable":true,"href":"https:\/\/diarioregionaldigital.com.br\/index.php?rest_route=%2Fwp%2Fv2%2Fcategories&post=195760"},{"taxonomy":"post_tag","embeddable":true,"href":"https:\/\/diarioregionaldigital.com.br\/index.php?rest_route=%2Fwp%2Fv2%2Ftags&post=195760"}],"curies":[{"name":"wp","href":"https:\/\/api.w.org\/{rel}","templated":true}]}}