{"id":195754,"date":"2022-03-07T13:48:59","date_gmt":"2022-03-07T16:48:59","guid":{"rendered":"https:\/\/diarioregionaldigital.com.br\/?p=195754"},"modified":"2022-03-07T13:48:59","modified_gmt":"2022-03-07T16:48:59","slug":"policia-militar-prende-autor-de-dano-no-bairro-sao-mateus","status":"publish","type":"post","link":"https:\/\/diarioregionaldigital.com.br\/?p=195754","title":{"rendered":"Pol\u00edcia Militar prende autor de dano no bairro S\u00e3o Mateus"},"content":{"rendered":"<p>No dia 06mar22 por volta das 08h25min, a Pol\u00edcia Militar deslocou at\u00e9 a Rua S\u00e3o Mateus no bairro de mesmo nome para verifica\u00e7\u00e3o de indiv\u00edduo que estaria danificando o posto policial militar, que no momento se encontrava fechado. No local foi verificado que o autor quebrou todos os vidros com uma pedra e evadiu. Realizado intenso rastreamento o homem de 23 anos foi preso nas imedia\u00e7\u00f5es da Av Pres Itamar Franco, informando aos militares que a motiva\u00e7\u00e3o da a\u00e7\u00e3o criminosa seria a insatisfa\u00e7\u00e3o pelo fato da PM n\u00e3o ter recuperado o celular dele que havia sido roubado. A Per\u00edcia compareceu no local e realizou os trabalhos de praxe. O autor foi preso e conduzido \u00e0 Delegacia.<\/p>\n","protected":false},"excerpt":{"rendered":"<p>No dia 06mar22 por volta das 08h25min, a Pol\u00edcia Militar deslocou at\u00e9 a Rua S\u00e3o Mateus no bairro de mesmo nome para verifica\u00e7\u00e3o de indiv\u00edduo que estaria danificando o posto policial militar, que no momento se encontrava fechado. No local foi verificado que o autor quebrou todos os vidros com uma pedra e evadiu. Realizado [&hellip;]<\/p>\n","protected":false},"author":246,"featured_media":195755,"comment_status":"closed","ping_status":"closed","sticky":false,"template":"","format":"standard","meta":{"footnotes":""},"categories":[301,436,439],"tags":[],"class_list":["post-195754","post","type-post","status-publish","format-standard","has-post-thumbnail","hentry","category-artigos-policiais","category-destaque-da-semana","category-ultima-hora"],"_links":{"self":[{"href":"https:\/\/diarioregionaldigital.com.br\/index.php?rest_route=\/wp\/v2\/posts\/195754","targetHints":{"allow":["GET"]}}],"collection":[{"href":"https:\/\/diarioregionaldigital.com.br\/index.php?rest_route=\/wp\/v2\/posts"}],"about":[{"href":"https:\/\/diarioregionaldigital.com.br\/index.php?rest_route=\/wp\/v2\/types\/post"}],"author":[{"embeddable":true,"href":"https:\/\/diarioregionaldigital.com.br\/index.php?rest_route=\/wp\/v2\/users\/246"}],"replies":[{"embeddable":true,"href":"https:\/\/diarioregionaldigital.com.br\/index.php?rest_route=%2Fwp%2Fv2%2Fcomments&post=195754"}],"version-history":[{"count":1,"href":"https:\/\/diarioregionaldigital.com.br\/index.php?rest_route=\/wp\/v2\/posts\/195754\/revisions"}],"predecessor-version":[{"id":195756,"href":"https:\/\/diarioregionaldigital.com.br\/index.php?rest_route=\/wp\/v2\/posts\/195754\/revisions\/195756"}],"wp:featuredmedia":[{"embeddable":true,"href":"https:\/\/diarioregionaldigital.com.br\/index.php?rest_route=\/wp\/v2\/media\/195755"}],"wp:attachment":[{"href":"https:\/\/diarioregionaldigital.com.br\/index.php?rest_route=%2Fwp%2Fv2%2Fmedia&parent=195754"}],"wp:term":[{"taxonomy":"category","embeddable":true,"href":"https:\/\/diarioregionaldigital.com.br\/index.php?rest_route=%2Fwp%2Fv2%2Fcategories&post=195754"},{"taxonomy":"post_tag","embeddable":true,"href":"https:\/\/diarioregionaldigital.com.br\/index.php?rest_route=%2Fwp%2Fv2%2Ftags&post=195754"}],"curies":[{"name":"wp","href":"https:\/\/api.w.org\/{rel}","templated":true}]}}