{"id":195738,"date":"2022-03-06T06:00:41","date_gmt":"2022-03-06T09:00:41","guid":{"rendered":"https:\/\/diarioregionaldigital.com.br\/?p=195738"},"modified":"2022-03-04T22:23:54","modified_gmt":"2022-03-05T01:23:54","slug":"a-bela-trajetoria-de-roberto-carlos","status":"publish","type":"post","link":"https:\/\/diarioregionaldigital.com.br\/?p=195738","title":{"rendered":"A bela trajet\u00f3ria de Roberto Carlos"},"content":{"rendered":"<p>Devemos ao escritor baiano Paulo C\u00e9sar de Ara\u00fajo a iniciativa de escrever sobre a vida e a obra do cantor e compositor capixaba Roberto Carlos, certamente um dos maiores nomes da nossa MPB. S\u00f3 o 1\u00ba volume cont\u00e9m 924 p\u00e1ginas, o que \u00e9 um feito not\u00e1vel.<\/p>\n<p>No livro \u201cRoberto Carlos outra vez\u201d (1941-1970), Editora Record, h\u00e1 cap\u00edtulos atraentes, como \u201cMeu pequeno Cachoeiro\u201d, \u201cLady Laura\u201d, \u201cParei na contram\u00e3o\u201d, \u201cFesta de arromba\u201d, \u201cComo \u00e9 grande o meu amor por voc\u00ea\u201d, \u201c\u00c9 papo firme\u201d, \u201cEu sou terr\u00edvel\u201d, \u00a0\u201c\u00c9 preciso saber viver\u201d, \u201cJesus Cristo\u201d e outros igualmente de destaque, compondo uma obra hist\u00f3rica.<\/p>\n<p>Na altura da p\u00e1gina 137, Paulo C\u00e9sar narra o trabalho de Carlos Imperial junto \u00e0 revista \u201cS\u00e9timo C\u00e9u\u201d, por mim dirigida, que foi pioneira nos anos 50 no lan\u00e7amento de fotonovelas brasileiras. O objetivo era competir com as excelentes fotonovelas italianas, que faziam enorme sucesso na revista \u201cGrande Hotel\u201d. Assim surgiu o convite para que Roberto Carlos participasse desse projeto. Foi escolhido para ser protagonista da fotonovela \u201cAssim quis o destino\u201d, com a atriz Mary Fontes, da TV Rio. Foram capa da revista, que fez enorme sucesso. Roberto Carlos interpretou o papel de Ricardo, mo\u00e7o rico da capital, que alternava essa atividade com os seus shows noturnos.<\/p>\n<p>Enquanto isso, as fotonovelas brasileiras elevaram a tiragem da revista at\u00e9 250 mil<\/p>\n<p>exemplares. Foi\u00a0 enorme o \u00eaxito de \u201cAdelaide Simon n\u00e3o quis matar\u201d, de M\u00e1rio Lago, que tinha sido apresentada como s\u00e9rie da R\u00e1dio Nacional. Roberto Carlos participou de todo esse processo. E nunca \u00a0esqueceu dessa ajuda inicial que tivemos o ensejo de lhe dar, com\u00a0 o grupo que se reunia no bar Madri, na rua Hadock Lobo, esquina de Matoso. Era tudo na nossa querida e inesquec\u00edvel Tijuca.<\/p>\n<p>Mas Roberto Carlos foi destaque sobretudo\u00a0 como um grande compositor. Na letra de \u201cBrotinho sem ju\u00edzo\u201d, em 1960, aconselha o brotinho a ouvir o seu conselho, abotoando o seu decote e cobrindo o seu joelho. Deu for\u00e7a \u00e0 Jovem\u00a0 Guarda, inicialmente na TV Record e depois na TV Rio e na TV Tupi. Foi uma carreira consagradora, que n\u00e3o parou mais. Sua\u00a0 vida n\u00e3o foi feita de ilus\u00e3o.<\/p>\n","protected":false},"excerpt":{"rendered":"<p>Devemos ao escritor baiano Paulo C\u00e9sar de Ara\u00fajo a iniciativa de escrever sobre a vida e a obra do cantor e compositor capixaba Roberto Carlos, certamente um dos maiores nomes da nossa MPB. S\u00f3 o 1\u00ba volume cont\u00e9m 924 p\u00e1ginas, o que \u00e9 um feito not\u00e1vel. No livro \u201cRoberto Carlos outra vez\u201d (1941-1970), Editora Record, [&hellip;]<\/p>\n","protected":false},"author":96,"featured_media":0,"comment_status":"closed","ping_status":"closed","sticky":false,"template":"","format":"standard","meta":{"footnotes":""},"categories":[275],"tags":[],"class_list":["post-195738","post","type-post","status-publish","format-standard","hentry","category-arnaldo-niskier"],"_links":{"self":[{"href":"https:\/\/diarioregionaldigital.com.br\/index.php?rest_route=\/wp\/v2\/posts\/195738","targetHints":{"allow":["GET"]}}],"collection":[{"href":"https:\/\/diarioregionaldigital.com.br\/index.php?rest_route=\/wp\/v2\/posts"}],"about":[{"href":"https:\/\/diarioregionaldigital.com.br\/index.php?rest_route=\/wp\/v2\/types\/post"}],"author":[{"embeddable":true,"href":"https:\/\/diarioregionaldigital.com.br\/index.php?rest_route=\/wp\/v2\/users\/96"}],"replies":[{"embeddable":true,"href":"https:\/\/diarioregionaldigital.com.br\/index.php?rest_route=%2Fwp%2Fv2%2Fcomments&post=195738"}],"version-history":[{"count":1,"href":"https:\/\/diarioregionaldigital.com.br\/index.php?rest_route=\/wp\/v2\/posts\/195738\/revisions"}],"predecessor-version":[{"id":195739,"href":"https:\/\/diarioregionaldigital.com.br\/index.php?rest_route=\/wp\/v2\/posts\/195738\/revisions\/195739"}],"wp:attachment":[{"href":"https:\/\/diarioregionaldigital.com.br\/index.php?rest_route=%2Fwp%2Fv2%2Fmedia&parent=195738"}],"wp:term":[{"taxonomy":"category","embeddable":true,"href":"https:\/\/diarioregionaldigital.com.br\/index.php?rest_route=%2Fwp%2Fv2%2Fcategories&post=195738"},{"taxonomy":"post_tag","embeddable":true,"href":"https:\/\/diarioregionaldigital.com.br\/index.php?rest_route=%2Fwp%2Fv2%2Ftags&post=195738"}],"curies":[{"name":"wp","href":"https:\/\/api.w.org\/{rel}","templated":true}]}}