{"id":195735,"date":"2022-03-04T16:59:54","date_gmt":"2022-03-04T19:59:54","guid":{"rendered":"https:\/\/diarioregionaldigital.com.br\/?p=195735"},"modified":"2022-03-04T16:59:54","modified_gmt":"2022-03-04T19:59:54","slug":"pluviometros-de-juiz-fora-passam-por-limpeza-nesta-semana","status":"publish","type":"post","link":"https:\/\/diarioregionaldigital.com.br\/?p=195735","title":{"rendered":"Pluvi\u00f4metros de Juiz Fora passam por limpeza nesta semana"},"content":{"rendered":"<p>Segundo informa\u00e7\u00f5es do site da Prefeitura de Juiz de Fora, nesta sexta-feira, 4, pluvi\u00f4metros de Juiz de Fora est\u00e3o recebendo limpeza e manuten\u00e7\u00e3o para garantir a precis\u00e3o na medi\u00e7\u00e3o da intensidade e do volume das chuvas no munic\u00edpio. A manuten\u00e7\u00e3o dos equipamentos est\u00e1 sendo feita por servidores da Defesa Civil.<\/p>\n<p>Foi realizada a limpeza de quatro pluvi\u00f4metros: o da Represa Jo\u00e3o Penido, situado na ETA Marechal Castelo Branco; o do Centro, situado no Edif\u00edcio Adhemar Rezende de Andrade; o da Esta\u00e7\u00e3o Meteorol\u00f3gica da UFJF; e o da Rodovia BR 267 km 85,7 (Semin\u00e1rio Congrega\u00e7\u00e3o Redentorista da Floresta). Para que o pluvi\u00f4metro funcione bem \u00e9 muito importante que ele esteja limpo, pois folhas, insetos e poeira podem entupi-lo e atrapalhar as medi\u00e7\u00f5es.<\/p>\n<p>O pluvi\u00f4metro \u00e9 o equipamento utilizado para registrar a chuva em um determinado local e em determinado intervalo de tempo. Juiz de Fora possui 25 pluvi\u00f4metros autom\u00e1ticos espalhados nas regi\u00f5es da cidade, al\u00e9m de 11 semiautom\u00e1ticos. Os autom\u00e1ticos registram o volume e intensidade da chuva e enviam os dados em tempo quase real ao Cemaden, enquanto as informa\u00e7\u00f5es coletadas pelos semiautom\u00e1ticos s\u00e3o armazenadas e posteriormente analisadas.<\/p>\n","protected":false},"excerpt":{"rendered":"<p>Segundo informa\u00e7\u00f5es do site da Prefeitura de Juiz de Fora, nesta sexta-feira, 4, pluvi\u00f4metros de Juiz de Fora est\u00e3o recebendo limpeza e manuten\u00e7\u00e3o para garantir a precis\u00e3o na medi\u00e7\u00e3o da intensidade e do volume das chuvas no munic\u00edpio. A manuten\u00e7\u00e3o dos equipamentos est\u00e1 sendo feita por servidores da Defesa Civil. Foi realizada a limpeza de [&hellip;]<\/p>\n","protected":false},"author":246,"featured_media":195736,"comment_status":"closed","ping_status":"closed","sticky":false,"template":"","format":"standard","meta":{"footnotes":""},"categories":[253,436,439],"tags":[],"class_list":["post-195735","post","type-post","status-publish","format-standard","has-post-thumbnail","hentry","category-cidade","category-destaque-da-semana","category-ultima-hora"],"_links":{"self":[{"href":"https:\/\/diarioregionaldigital.com.br\/index.php?rest_route=\/wp\/v2\/posts\/195735","targetHints":{"allow":["GET"]}}],"collection":[{"href":"https:\/\/diarioregionaldigital.com.br\/index.php?rest_route=\/wp\/v2\/posts"}],"about":[{"href":"https:\/\/diarioregionaldigital.com.br\/index.php?rest_route=\/wp\/v2\/types\/post"}],"author":[{"embeddable":true,"href":"https:\/\/diarioregionaldigital.com.br\/index.php?rest_route=\/wp\/v2\/users\/246"}],"replies":[{"embeddable":true,"href":"https:\/\/diarioregionaldigital.com.br\/index.php?rest_route=%2Fwp%2Fv2%2Fcomments&post=195735"}],"version-history":[{"count":1,"href":"https:\/\/diarioregionaldigital.com.br\/index.php?rest_route=\/wp\/v2\/posts\/195735\/revisions"}],"predecessor-version":[{"id":195737,"href":"https:\/\/diarioregionaldigital.com.br\/index.php?rest_route=\/wp\/v2\/posts\/195735\/revisions\/195737"}],"wp:featuredmedia":[{"embeddable":true,"href":"https:\/\/diarioregionaldigital.com.br\/index.php?rest_route=\/wp\/v2\/media\/195736"}],"wp:attachment":[{"href":"https:\/\/diarioregionaldigital.com.br\/index.php?rest_route=%2Fwp%2Fv2%2Fmedia&parent=195735"}],"wp:term":[{"taxonomy":"category","embeddable":true,"href":"https:\/\/diarioregionaldigital.com.br\/index.php?rest_route=%2Fwp%2Fv2%2Fcategories&post=195735"},{"taxonomy":"post_tag","embeddable":true,"href":"https:\/\/diarioregionaldigital.com.br\/index.php?rest_route=%2Fwp%2Fv2%2Ftags&post=195735"}],"curies":[{"name":"wp","href":"https:\/\/api.w.org\/{rel}","templated":true}]}}