{"id":195732,"date":"2022-03-04T16:58:12","date_gmt":"2022-03-04T19:58:12","guid":{"rendered":"https:\/\/diarioregionaldigital.com.br\/?p=195732"},"modified":"2022-03-04T16:58:12","modified_gmt":"2022-03-04T19:58:12","slug":"servidores-da-empav-participam-de-aula-de-ginastica-laboral-em-parceria-com-a-sel","status":"publish","type":"post","link":"https:\/\/diarioregionaldigital.com.br\/?p=195732","title":{"rendered":"Servidores da Empav participam de aula de gin\u00e1stica laboral em parceria com a SEL"},"content":{"rendered":"<p>Segundo informa\u00e7\u00f5es do site da Prefeitura de Juiz de Fora, uma parceria entre a Secretaria de Esporte e Lazer (SEL) e a Empresa Municipal de Pavimenta\u00e7\u00e3o e Urbaniza\u00e7\u00e3o (Empav) pretende movimentar as manh\u00e3s de sexta no p\u00e1tio. Nesta sexta-feira, 4, trabalhadores e trabalhadoras da Empav participaram de uma aula de gin\u00e1stica laboral, ministrada pela professora Camila Calais. A gin\u00e1stica laboral tem como principais objetivos evitar les\u00f5es e melhorar a qualidade de vida dos funcion\u00e1rios. S\u00e3o realizados alongamentos de membros superiores e inferiores e outros movimentos de baixo impacto.<br \/>\nCamila ressalta que \u201ca pr\u00e1tica regular da gin\u00e1stica laboral evita uma s\u00e9rie de problemas, como a LER (les\u00e3o por esfor\u00e7o repetitivo), a depress\u00e3o e demais dores musculares e articulares, al\u00e9m de melhorar a disposi\u00e7\u00e3o e o humor dentro e fora do ambiente de trabalho. Para a equipe operacional, principalmente, os benef\u00edcios s\u00e3o muitos, porque, al\u00e9m de evitar os problemas j\u00e1 citados, revigora o desempenho do trabalhador. Acima de tudo, oferece mais cuidado e qualidade de vida para as pessoas\u201d. Os exerc\u00edcios ajudam a preparar o corpo e a cuidar da mente!<br \/>\nDina Mar Pereira, conhecida como Dona Dina, respons\u00e1vel pelo setor de Obras, participou da atividade e aprovou a ideia. \u201cEu j\u00e1 fa\u00e7o atividade f\u00edsica, ent\u00e3o gostei muito da iniciativa. Fiquei mais animada!\u201d<br \/>\nPaulo Toledo, motorista, tamb\u00e9m marcou presen\u00e7a na aula, e pretende voltar e quer mais. \u201cEu achei muito bom! E acho que podemos at\u00e9 incluir uma caminhada e, se poss\u00edvel, ter mais de uma aula por semana\u201d.<br \/>\nInicialmente, as aulas ser\u00e3o \u00e0s sextas-feiras, com duas turmas, em hor\u00e1rios diferentes: \u00e0s 7h os alongamentos ser\u00e3o com as equipes operacionais que saem para os trechos; \u00e0s 7h30min \u00e9 a vez dos servidores administrativos. Fica o convite a voc\u00ea, trabalhador e trabalhadora da Empav: deixe a vergonha de lado, reserve aquela roupa mais leve e venha se alongar com a gente!<\/p>\n","protected":false},"excerpt":{"rendered":"<p>Segundo informa\u00e7\u00f5es do site da Prefeitura de Juiz de Fora, uma parceria entre a Secretaria de Esporte e Lazer (SEL) e a Empresa Municipal de Pavimenta\u00e7\u00e3o e Urbaniza\u00e7\u00e3o (Empav) pretende movimentar as manh\u00e3s de sexta no p\u00e1tio. Nesta sexta-feira, 4, trabalhadores e trabalhadoras da Empav participaram de uma aula de gin\u00e1stica laboral, ministrada pela professora [&hellip;]<\/p>\n","protected":false},"author":246,"featured_media":195733,"comment_status":"closed","ping_status":"closed","sticky":false,"template":"","format":"standard","meta":{"footnotes":""},"categories":[253,436,439],"tags":[],"class_list":["post-195732","post","type-post","status-publish","format-standard","has-post-thumbnail","hentry","category-cidade","category-destaque-da-semana","category-ultima-hora"],"_links":{"self":[{"href":"https:\/\/diarioregionaldigital.com.br\/index.php?rest_route=\/wp\/v2\/posts\/195732","targetHints":{"allow":["GET"]}}],"collection":[{"href":"https:\/\/diarioregionaldigital.com.br\/index.php?rest_route=\/wp\/v2\/posts"}],"about":[{"href":"https:\/\/diarioregionaldigital.com.br\/index.php?rest_route=\/wp\/v2\/types\/post"}],"author":[{"embeddable":true,"href":"https:\/\/diarioregionaldigital.com.br\/index.php?rest_route=\/wp\/v2\/users\/246"}],"replies":[{"embeddable":true,"href":"https:\/\/diarioregionaldigital.com.br\/index.php?rest_route=%2Fwp%2Fv2%2Fcomments&post=195732"}],"version-history":[{"count":1,"href":"https:\/\/diarioregionaldigital.com.br\/index.php?rest_route=\/wp\/v2\/posts\/195732\/revisions"}],"predecessor-version":[{"id":195734,"href":"https:\/\/diarioregionaldigital.com.br\/index.php?rest_route=\/wp\/v2\/posts\/195732\/revisions\/195734"}],"wp:featuredmedia":[{"embeddable":true,"href":"https:\/\/diarioregionaldigital.com.br\/index.php?rest_route=\/wp\/v2\/media\/195733"}],"wp:attachment":[{"href":"https:\/\/diarioregionaldigital.com.br\/index.php?rest_route=%2Fwp%2Fv2%2Fmedia&parent=195732"}],"wp:term":[{"taxonomy":"category","embeddable":true,"href":"https:\/\/diarioregionaldigital.com.br\/index.php?rest_route=%2Fwp%2Fv2%2Fcategories&post=195732"},{"taxonomy":"post_tag","embeddable":true,"href":"https:\/\/diarioregionaldigital.com.br\/index.php?rest_route=%2Fwp%2Fv2%2Ftags&post=195732"}],"curies":[{"name":"wp","href":"https:\/\/api.w.org\/{rel}","templated":true}]}}