{"id":195729,"date":"2022-03-04T16:56:58","date_gmt":"2022-03-04T19:56:58","guid":{"rendered":"https:\/\/diarioregionaldigital.com.br\/?p=195729"},"modified":"2022-03-04T16:56:58","modified_gmt":"2022-03-04T19:56:58","slug":"procon-divulga-nova-pesquisa-com-variacoes-de-preco-do-gas-de-cozinha","status":"publish","type":"post","link":"https:\/\/diarioregionaldigital.com.br\/?p=195729","title":{"rendered":"Procon divulga nova pesquisa com varia\u00e7\u00f5es de pre\u00e7o do G\u00e1s de cozinha"},"content":{"rendered":"<p>Segundo informa\u00e7\u00f5es do site da Prefeitura de Juiz de Fora, a Ag\u00eancia de Prote\u00e7\u00e3o e Defesa do Consumidor (Procon\/JF), da Prefeitura de Juiz de Fora (PJF), por meio do Departamento de Estudos Pesquisas e Projetos (DEPP), realizou nova pesquisa por amostragem a fim de levantar varia\u00e7\u00f5es do pre\u00e7o do botij\u00e3o de g\u00e1s de cozinha, em diferentes regi\u00f5es, no dia 3 de mar\u00e7o de 2022.<br \/>\nO menor pre\u00e7o de venda, com retirada no local, para o botij\u00e3o de 13kg foi de R$87,00 em dep\u00f3sito localizado no bairro Ipiranga. J\u00e1 o maior pre\u00e7o de venda, com retirada no local, para o botij\u00e3o de 13kg foi de R$110,00 em dep\u00f3sito localizado no bairro S\u00e3o Benedito. O pre\u00e7o m\u00e9dio\u00a0 encontrado foi de R$97,57.<br \/>\nO Procon\/JF fez contato com 30 dep\u00f3sitos de g\u00e1s localizados nas regi\u00f5es central, leste, nordeste, norte, oeste, sudeste e sul. Em suma, a pesquisa revelou que houve manuten\u00e7\u00e3o do menor valor do botij\u00e3o de 13 kg, bem como queda no maior valor encontrado. Em rela\u00e7\u00e3o \u00e0 \u00faltima pesquisa, realizada em 1\u00ba de fevereiro de 2022, a m\u00e9dia de pre\u00e7o foi de R$99,70, apontando leve queda.<br \/>\nO Procon\/JF orienta ao consumidor, caso constatar alguma irregularidade nas condi\u00e7\u00f5es de seguran\u00e7a ou pr\u00e1tica de pre\u00e7os abusivos, que denuncie.<\/p>\n<p>Para acessar a pesquisa completa,\u00a0<a href=\"https:\/\/www.pjf.mg.gov.br\/administracao_indireta\/procon\/pesquisas\/arquivos\/pesq_preco_gas_marco.pdf\"><strong>clique aqui<\/strong><\/a>.<\/p>\n","protected":false},"excerpt":{"rendered":"<p>Segundo informa\u00e7\u00f5es do site da Prefeitura de Juiz de Fora, a Ag\u00eancia de Prote\u00e7\u00e3o e Defesa do Consumidor (Procon\/JF), da Prefeitura de Juiz de Fora (PJF), por meio do Departamento de Estudos Pesquisas e Projetos (DEPP), realizou nova pesquisa por amostragem a fim de levantar varia\u00e7\u00f5es do pre\u00e7o do botij\u00e3o de g\u00e1s de cozinha, em [&hellip;]<\/p>\n","protected":false},"author":246,"featured_media":195730,"comment_status":"closed","ping_status":"closed","sticky":false,"template":"","format":"standard","meta":{"footnotes":""},"categories":[253,436,439],"tags":[],"class_list":["post-195729","post","type-post","status-publish","format-standard","has-post-thumbnail","hentry","category-cidade","category-destaque-da-semana","category-ultima-hora"],"_links":{"self":[{"href":"https:\/\/diarioregionaldigital.com.br\/index.php?rest_route=\/wp\/v2\/posts\/195729","targetHints":{"allow":["GET"]}}],"collection":[{"href":"https:\/\/diarioregionaldigital.com.br\/index.php?rest_route=\/wp\/v2\/posts"}],"about":[{"href":"https:\/\/diarioregionaldigital.com.br\/index.php?rest_route=\/wp\/v2\/types\/post"}],"author":[{"embeddable":true,"href":"https:\/\/diarioregionaldigital.com.br\/index.php?rest_route=\/wp\/v2\/users\/246"}],"replies":[{"embeddable":true,"href":"https:\/\/diarioregionaldigital.com.br\/index.php?rest_route=%2Fwp%2Fv2%2Fcomments&post=195729"}],"version-history":[{"count":1,"href":"https:\/\/diarioregionaldigital.com.br\/index.php?rest_route=\/wp\/v2\/posts\/195729\/revisions"}],"predecessor-version":[{"id":195731,"href":"https:\/\/diarioregionaldigital.com.br\/index.php?rest_route=\/wp\/v2\/posts\/195729\/revisions\/195731"}],"wp:featuredmedia":[{"embeddable":true,"href":"https:\/\/diarioregionaldigital.com.br\/index.php?rest_route=\/wp\/v2\/media\/195730"}],"wp:attachment":[{"href":"https:\/\/diarioregionaldigital.com.br\/index.php?rest_route=%2Fwp%2Fv2%2Fmedia&parent=195729"}],"wp:term":[{"taxonomy":"category","embeddable":true,"href":"https:\/\/diarioregionaldigital.com.br\/index.php?rest_route=%2Fwp%2Fv2%2Fcategories&post=195729"},{"taxonomy":"post_tag","embeddable":true,"href":"https:\/\/diarioregionaldigital.com.br\/index.php?rest_route=%2Fwp%2Fv2%2Ftags&post=195729"}],"curies":[{"name":"wp","href":"https:\/\/api.w.org\/{rel}","templated":true}]}}