{"id":195720,"date":"2022-03-04T16:49:24","date_gmt":"2022-03-04T19:49:24","guid":{"rendered":"https:\/\/diarioregionaldigital.com.br\/?p=195720"},"modified":"2022-03-04T16:49:24","modified_gmt":"2022-03-04T19:49:24","slug":"paraguaia-veronica-riveros-destaca-forca-do-brasileirao-feminino","status":"publish","type":"post","link":"https:\/\/diarioregionaldigital.com.br\/?p=195720","title":{"rendered":"Paraguaia Ver\u00f3nica Riveros destaca for\u00e7a do Brasileir\u00e3o Feminino"},"content":{"rendered":"<p>A S\u00e9rie A1 (primeira divis\u00e3o) do Campeonato Brasileiro de futebol feminino deste ano come\u00e7a nesta sexta-feira (4). Atual vice-campe\u00e3o, o Palmeiras abre a competi\u00e7\u00e3o recebendo o Atl\u00e9tico-MG, segundo colocado da S\u00e9rie A2 (segunda divis\u00e3o) em 2021, a partir das 21h (hor\u00e1rio de Bras\u00edlia), no Allianz Parque, em S\u00e3o Paulo. A primeira rodada segue no fim de semana, com tr\u00eas jogos no s\u00e1bado (5) e tr\u00eas no domingo (6), acabando na segunda-feira (7).<\/p>\n<p>Bom dia, bom dia!<\/p>\n<p>Sextou com duelo entre @Palmeiras_FEM e @GaloFFeminino para come\u00e7ar a disputa em grande estilo! A bola vai rolar \u00e0s 21h e voc\u00ea assiste na tela do @sportv! #Brasileir\u00e3oFemininoNeoenergia &#x1f1e7;&#x1f1f7; pic.twitter.com\/HfO7tEu1a6<\/p>\n<p>\u2014 Brasileir\u00e3o Feminino Neoenergia (@BRFeminino) March 4, 2022<br \/>\nA cada ano, a competi\u00e7\u00e3o nacional se firma como a principal da modalidade na Am\u00e9rica do Sul. N\u00e3o \u00e0 toa, como ocorre com no masculino, o Brasileir\u00e3o Feminino tem se acostumado a receber mais e mais atletas de outros pa\u00edses do continente. Em 2022, dez dos 16 clubes da S\u00e9rie A1 t\u00eam estrangeiras no elenco. A estat\u00edstica supera a do ano passado, quando metade dos participantes iniciou o torneio com jogadoras de fora nos respectivos grupos.<\/p>\n<p>Uma das estrangeiras \u00e9 a zagueira Ver\u00f3nica Riveros, do S\u00e3o Jos\u00e9-SP. Entre as 16 atletas do exterior ligadas a times da primeira divis\u00e3o, a paraguaia de 34 anos \u00e9 quem est\u00e1 h\u00e1 mais tempo no Brasil. A defensora chegou em 2013 para jogar no Foz Cataratas-PR, ap\u00f3s se destacar na Libertadores Feminina do ano anterior pelo Universidad Aut\u00f3noma, de seu pa\u00eds natal. Ela, inclusive, fez um gol na competi\u00e7\u00e3o, disputada nas cidades pernambucanas de Recife, Caruaru e Vit\u00f3ria de Santo Ant\u00e3o.<\/p>\n<p>&#8220;No fim do campeonato, o presidente do Foz pediu ao do meu clube que deixasse tr\u00eas atletas fazerem testes. Em fevereiro de 2013, eu passei. Foi um desafio muito grande na hora de sair de casa, deixar a fam\u00edlia, ir atr\u00e1s de um sonho. O mais importante \u00e9 que seria no futebol brasileiro, a terra do jogo bonito&#8221;, recordou Vero, como \u00e9 conhecida a zagueira, \u00e0 Ag\u00eancia Brasil.<\/p>\n<p>Segundo a paraguaia, o come\u00e7o no Brasil foi dif\u00edcil. A defensora explicou que demorou a conseguir atuar devido a problemas de documenta\u00e7\u00e3o e que o idioma foi inicialmente uma barreira. Superadas as complica\u00e7\u00f5es, Vero construiu a sequ\u00eancia da carreira toda aqui. Permaneceu no Foz at\u00e9 2019, onde conciliou treinos e jogos com a faculdade de Educa\u00e7\u00e3o F\u00edsica. Em 2020, ela foi para o Ava\u00ed\/Kindermann. No ano seguinte, defendeu o Napoli-SC, sendo contratada pelo S\u00e3o Jos\u00e9 em julho.<\/p>\n<p>&#8220;O meu primeiro ano aqui foi tamb\u00e9m o do primeiro Campeonato Brasileiro. Tivemos um bom desempenho, tanto que o Foz ficou em terceiro [o t\u00edtulo ficou com o Centro Ol\u00edmpico-SP]. Foi uma diferen\u00e7a impressionante para mim, porque no Paraguai, o n\u00edvel do campeonato estava muito abaixo. Foi grande a diferen\u00e7a em n\u00edvel de organiza\u00e7\u00e3o, de tudo. Hoje, o Paraguai est\u00e1 tentando melhorar essa quest\u00e3o, mas ainda falta. Acredito que, em n\u00edvel sul-americano, o Brasil est\u00e1 acima de todos&#8221;, disse a defensora.<\/p>\n<p>Seis pa\u00eds sul-americanos, al\u00e9m do Brasil, ter\u00e3o jogadoras atuando na S\u00e9rie A1 nacional em 2022. O Paraguai, de Vero, \u00e9 a na\u00e7\u00e3o mais representada, com cinco atletas. Al\u00e9m da zagueira, a lateral Camila Arrieta, a meia Fabi Sandoval (ambas do Avai\/Kindermann) e a atacante Fany Gauto (Ferrovi\u00e1ria) estiveram nos amistosos contra o Uruguai, em casa, nos dias 19 e 22 de fevereiro. Ap\u00f3s empatarem por 1 a 1 no primeiro duelo, as paraguaias ganharam o segundo por 2 a 0.<\/p>\n<p>&#8220;A maioria das convocadas estava no estrangeiro, no Brasil ou na Europa. Foi n\u00edtido o n\u00edvel de competi\u00e7\u00e3o, trabalho, intensidade e compreens\u00e3o das quest\u00f5es t\u00e9cnicas e t\u00e1ticas das quatro jogadoras que est\u00e3o aqui&#8221;, afirmou Ver\u00f3nica, que, at\u00e9 pela experi\u00eancia no futebol brasileiro, costuma receber pedidos de indica\u00e7\u00e3o de compatriotas que desejam atuar na liga nacional. &#8220;Eu consegui ajudar duas atletas. Acho que no quarto ou quinto ano de Foz, indiquei uma menina, pois achei que era o momento dela sair do futebol paraguaio. Daqui, ela foi para Portugal. Eu vejo potencial nas meninas do Paraguai e posso dizer que o melhor mercado est\u00e1 aqui. Gostaria de ajudar muito mais, que mais atletas [paraguaias] viessem jogar no Brasil ou em outros pa\u00edses sul-americanos, mas o futebol mais forte [do continente] \u00e9 o brasileiro&#8221;, destacou.<\/p>\n<p>Tradi\u00e7\u00e3o em campo<br \/>\nO S\u00e3o Jos\u00e9, clube da zagueira, \u00e9 uma das equipes mais tradicionais do futebol feminino no pa\u00eds. Duas vezes vice-campe\u00e3s brasileiras (2013 e 2015), as Meninas da \u00c1guia ganharam duas vezes a extinta Copa do Brasil (2012 e 2013) e s\u00e3o tricampe\u00e3s da Libertadores (2011, 2013 e 2014), dividindo o posto de maior vencedor do torneio com o Corinthians. Al\u00e9m disso, em 2014, as paulistas venceram a Copa do Mundo de Clubes, realizada no Jap\u00e3o e que, apesar de n\u00e3o ter o reconhecimento da Federa\u00e7\u00e3o Internacional de Futebol (Fifa), foi tratada \u00e0 ocasi\u00e3o como um Mundial.<\/p>\n<p>No ano passado, as joseenses escaparam do rebaixamento \u00e0 S\u00e9rie A2 na \u00faltima rodada, ao derrotarem o Napoli por 2 a 0. Para este ano, uma parte do elenco foi mantida e refor\u00e7ada pela meia J\u00falia Cipriani e a lateral Poliana, que voltou ao clube ap\u00f3s duas temporadas no Corinthians, onde foi bicampe\u00e3 nacional. A equipe estreia neste s\u00e1bado, \u00e0s 15h, contra o Ava\u00ed\/Kindermann, no est\u00e1dio Martins Pereira, em S\u00e3o Jos\u00e9 dos Campos (SP).<\/p>\n<p>&#8220;\u00c9 uma honra vestir a camisa do S\u00e3o Jos\u00e9, pela hist\u00f3ria que [o clube] tem. \u00c9 uma responsabilidade muito grande. Estamos confiantes no trabalho que temos feito com a comiss\u00e3o t\u00e9cnica. Ser\u00e1 um campeonato competitivo, disputado, mas o S\u00e3o Jos\u00e9 estar\u00e1 na briga&#8221;, concluiu Vero.<\/p>\n<p>Ainda no s\u00e1bado, o atual bicampe\u00e3o Corinthians inicia a busca pelo quarto t\u00edtulo nacional diante do Red Bull Bragantino (que levou o t\u00edtulo da S\u00e9rie A2 em 2021), a partir das 14h, no Parque S\u00e3o Jorge, em S\u00e3o Paulo. No mesmo dia, \u00e0s 16h, o Internacional recebe o Cresspom-DF, estreante na elite, no Sesc Prot\u00e1sio Alves, em Porto Alegre.<\/p>\n<p>No domingo, \u00e0s 15h, o Real Bras\u00edlia enfrenta o Santos no est\u00e1dio Ciro Machado do Esp\u00edrito Santo (Defel\u00ea), na capital federal. No mesmo hor\u00e1rio, o Cruzeiro mede for\u00e7as com o Gr\u00eamio no Sesc Alterosas, em Belo Horizonte. Mais tarde, \u00e0s 18h, o Esmac-PA, outra cara nova na primeira divis\u00e3o, visita a Ferrovi\u00e1ria, duas vezes campe\u00e3 nacional, na Arena da Fonte Luminosa, em Araraquara (SP). A rodada termina segunda, \u00e0s 20h, com o duelo entre Flamengo e S\u00e3o Paulo no est\u00e1dio Luso-Brasileiro, no Rio de Janeiro.<\/p>\n<p>Na primeira fase, as 16 equipes se enfrentam em turno \u00fanico, com as oito melhores avan\u00e7ando \u00e0s quartas de final e as quatro piores caindo para a S\u00e9rie A2 de 2023. Os confrontos do mata-mata ser\u00e3o disputados em jogos de ida e volta, com mando de campo do time de campanha mais positiva. As partidas da final est\u00e3o marcadas para os dias 18 e 29 de setembro.<\/p>\n<p>Fonte: Ag\u00eancia Brasil<\/p>\n","protected":false},"excerpt":{"rendered":"<p>A S\u00e9rie A1 (primeira divis\u00e3o) do Campeonato Brasileiro de futebol feminino deste ano come\u00e7a nesta sexta-feira (4). Atual vice-campe\u00e3o, o Palmeiras abre a competi\u00e7\u00e3o recebendo o Atl\u00e9tico-MG, segundo colocado da S\u00e9rie A2 (segunda divis\u00e3o) em 2021, a partir das 21h (hor\u00e1rio de Bras\u00edlia), no Allianz Parque, em S\u00e3o Paulo. A primeira rodada segue no fim [&hellip;]<\/p>\n","protected":false},"author":246,"featured_media":195721,"comment_status":"closed","ping_status":"closed","sticky":false,"template":"","format":"standard","meta":{"footnotes":""},"categories":[436,257,439],"tags":[],"class_list":["post-195720","post","type-post","status-publish","format-standard","has-post-thumbnail","hentry","category-destaque-da-semana","category-esporte","category-ultima-hora"],"_links":{"self":[{"href":"https:\/\/diarioregionaldigital.com.br\/index.php?rest_route=\/wp\/v2\/posts\/195720","targetHints":{"allow":["GET"]}}],"collection":[{"href":"https:\/\/diarioregionaldigital.com.br\/index.php?rest_route=\/wp\/v2\/posts"}],"about":[{"href":"https:\/\/diarioregionaldigital.com.br\/index.php?rest_route=\/wp\/v2\/types\/post"}],"author":[{"embeddable":true,"href":"https:\/\/diarioregionaldigital.com.br\/index.php?rest_route=\/wp\/v2\/users\/246"}],"replies":[{"embeddable":true,"href":"https:\/\/diarioregionaldigital.com.br\/index.php?rest_route=%2Fwp%2Fv2%2Fcomments&post=195720"}],"version-history":[{"count":1,"href":"https:\/\/diarioregionaldigital.com.br\/index.php?rest_route=\/wp\/v2\/posts\/195720\/revisions"}],"predecessor-version":[{"id":195722,"href":"https:\/\/diarioregionaldigital.com.br\/index.php?rest_route=\/wp\/v2\/posts\/195720\/revisions\/195722"}],"wp:featuredmedia":[{"embeddable":true,"href":"https:\/\/diarioregionaldigital.com.br\/index.php?rest_route=\/wp\/v2\/media\/195721"}],"wp:attachment":[{"href":"https:\/\/diarioregionaldigital.com.br\/index.php?rest_route=%2Fwp%2Fv2%2Fmedia&parent=195720"}],"wp:term":[{"taxonomy":"category","embeddable":true,"href":"https:\/\/diarioregionaldigital.com.br\/index.php?rest_route=%2Fwp%2Fv2%2Fcategories&post=195720"},{"taxonomy":"post_tag","embeddable":true,"href":"https:\/\/diarioregionaldigital.com.br\/index.php?rest_route=%2Fwp%2Fv2%2Ftags&post=195720"}],"curies":[{"name":"wp","href":"https:\/\/api.w.org\/{rel}","templated":true}]}}