{"id":195714,"date":"2022-03-04T16:46:29","date_gmt":"2022-03-04T19:46:29","guid":{"rendered":"https:\/\/diarioregionaldigital.com.br\/?p=195714"},"modified":"2022-03-04T16:46:29","modified_gmt":"2022-03-04T19:46:29","slug":"apelo-a-paz-marca-abertura-de-paralimpiada-de-inverno-em-pequim","status":"publish","type":"post","link":"https:\/\/diarioregionaldigital.com.br\/?p=195714","title":{"rendered":"Apelo \u00e0 paz marca abertura de Paralimp\u00edada de Inverno em Pequim"},"content":{"rendered":"<p>Os Jogos Paral\u00edmpicos de Inverno de Pequim (China) come\u00e7aram oficialmente nesta sexta-feira (4) com uma emocionante cerim\u00f4nia de abertura no est\u00e1dio Ninho do P\u00e1ssaro pela manh\u00e3.\u00a0A solenidade com show de luzes, m\u00fasica e apresenta\u00e7\u00e3o de artistas com defici\u00eancia foi marcada por uma recep\u00e7\u00e3o calorosa a atletas ucranianos e um incisivo apelo \u00e0 paz proferido pelo brasileiro Andrew Parson, presidente do Comit\u00ea Paral\u00edmpico Internacional (IPC, sigla em ingl\u00eas), em refer\u00eancia \u00e0 guerra na Ucr\u00e2nia. O pa\u00eds foi invadida por for\u00e7as militares russas no \u00faltimo dia 24. A cerim\u00f4nia no Ninho do P\u00e1ssaro contou com\u00a0a presen\u00e7a do presidente chin\u00eas Xi Jinping.<img decoding=\"async\" src=\"https:\/\/agenciabrasil.ebc.com.br\/ebc.png?id=1446273&amp;o=node\" \/><img decoding=\"async\" src=\"https:\/\/agenciabrasil.ebc.com.br\/ebc.gif?id=1446273&amp;o=node\" \/><\/p>\n<p>\u201cEsta noite, eu quero e preciso come\u00e7ar com uma mensagem de paz. Como l\u00edder de uma organiza\u00e7\u00e3o em que a inclus\u00e3o \u00e9 um de seus principais valores, as diversidades s\u00e3o celebradas, e as diferen\u00e7as, abra\u00e7adas, eu estou horrorizado com o que est\u00e1 acontecendo no mundo neste momento. O s\u00e9culo XXI \u00e9 um momento de di\u00e1logo e diplomacia. N\u00e3o de guerra, n\u00e3o de \u00f3dio. A Tr\u00e9gua Ol\u00edmpica durante os Jogos Ol\u00edmpicos e Paral\u00edmpicos \u00e9 uma resolu\u00e7\u00e3o da Organiza\u00e7\u00e3o das Na\u00e7\u00f5es Unidas. E precisa ser observada e respeitada&#8221;, disse o dirigente\u00a0brasileiro.<\/p>\n<p>Os atletas ucranianos desfilaram sob uma chuva de aplausos, ap\u00f3s enfrentarem dificuldades para embarcar, em meio ao conflito no pa\u00eds de origem, ap\u00f3s a invas\u00e3o por for\u00e7as militares russas.<\/p>\n<p>Ap\u00f3s o desfile da Ucr\u00e2nia, foi a vez do Brasil desfilar na cerim\u00f4nia de abertura. Os esquiadores Aline Rocha e Cristian Ribera foram os\u00a0 porta-bandeiras do pa\u00eds na cerim\u00f4nia de abertura, representando a\u00a0<a href=\"http:\/\/chrome-extension\/\/efaidnbmnnnibpcajpcglclefindmkaj\/viewer.html?pdfurl=https%3A%2F%2Fwww.cpb.org.br%2Fupload%2Flink%2F23174efffad2486faa24776811512f6e.pdf&amp;clen=243575&amp;chunk=true\">delega\u00e7\u00e3o nacional<\/a>\u00a0que conta com outros quatro atletas em Pequim.<\/p>\n<p>A festa de abertura chegou ao fim com o acendimento da pira pelo ex-atleta chin\u00eas Li Duan, multimedalhista no atletismo paral\u00edmpico, e com uma\u00a0 exuberante queima de fogos de artif\u00edcio.<\/p>\n<p>Os Jogos Paral\u00edmpicos de Inverno reunir\u00e3o 564 atletas de 46 pa\u00edses at\u00e9 13 de mar\u00e7o, \u00faltimo dia de competi\u00e7\u00e3o.\u00a0<a href=\"https:\/\/agenciabrasil.ebc.com.br\/esportes\/noticia\/2022-03\/ipc-volta-atras-e-veta-atletas-de-russia-e-belarus-na-paralimpiada\">Atletas da R\u00fassia e Bielorr\u00fasia foram exclu\u00eddos da competi\u00e7\u00e3o<\/a>, por decis\u00e3o do IPC, em decorr\u00eancia da invas\u00e3o russa na Ucr\u00e2nia.<\/p>\n<p>Fonte: Ag\u00eancia Brasil<\/p>\n","protected":false},"excerpt":{"rendered":"<p>Os Jogos Paral\u00edmpicos de Inverno de Pequim (China) come\u00e7aram oficialmente nesta sexta-feira (4) com uma emocionante cerim\u00f4nia de abertura no est\u00e1dio Ninho do P\u00e1ssaro pela manh\u00e3.\u00a0A solenidade com show de luzes, m\u00fasica e apresenta\u00e7\u00e3o de artistas com defici\u00eancia foi marcada por uma recep\u00e7\u00e3o calorosa a atletas ucranianos e um incisivo apelo \u00e0 paz proferido pelo [&hellip;]<\/p>\n","protected":false},"author":246,"featured_media":195715,"comment_status":"closed","ping_status":"closed","sticky":false,"template":"","format":"standard","meta":{"footnotes":""},"categories":[436,440,257,439],"tags":[],"class_list":["post-195714","post","type-post","status-publish","format-standard","has-post-thumbnail","hentry","category-destaque-da-semana","category-destaques-do-dia","category-esporte","category-ultima-hora"],"_links":{"self":[{"href":"https:\/\/diarioregionaldigital.com.br\/index.php?rest_route=\/wp\/v2\/posts\/195714","targetHints":{"allow":["GET"]}}],"collection":[{"href":"https:\/\/diarioregionaldigital.com.br\/index.php?rest_route=\/wp\/v2\/posts"}],"about":[{"href":"https:\/\/diarioregionaldigital.com.br\/index.php?rest_route=\/wp\/v2\/types\/post"}],"author":[{"embeddable":true,"href":"https:\/\/diarioregionaldigital.com.br\/index.php?rest_route=\/wp\/v2\/users\/246"}],"replies":[{"embeddable":true,"href":"https:\/\/diarioregionaldigital.com.br\/index.php?rest_route=%2Fwp%2Fv2%2Fcomments&post=195714"}],"version-history":[{"count":1,"href":"https:\/\/diarioregionaldigital.com.br\/index.php?rest_route=\/wp\/v2\/posts\/195714\/revisions"}],"predecessor-version":[{"id":195716,"href":"https:\/\/diarioregionaldigital.com.br\/index.php?rest_route=\/wp\/v2\/posts\/195714\/revisions\/195716"}],"wp:featuredmedia":[{"embeddable":true,"href":"https:\/\/diarioregionaldigital.com.br\/index.php?rest_route=\/wp\/v2\/media\/195715"}],"wp:attachment":[{"href":"https:\/\/diarioregionaldigital.com.br\/index.php?rest_route=%2Fwp%2Fv2%2Fmedia&parent=195714"}],"wp:term":[{"taxonomy":"category","embeddable":true,"href":"https:\/\/diarioregionaldigital.com.br\/index.php?rest_route=%2Fwp%2Fv2%2Fcategories&post=195714"},{"taxonomy":"post_tag","embeddable":true,"href":"https:\/\/diarioregionaldigital.com.br\/index.php?rest_route=%2Fwp%2Fv2%2Ftags&post=195714"}],"curies":[{"name":"wp","href":"https:\/\/api.w.org\/{rel}","templated":true}]}}