{"id":195708,"date":"2022-03-04T16:04:30","date_gmt":"2022-03-04T19:04:30","guid":{"rendered":"https:\/\/diarioregionaldigital.com.br\/?p=195708"},"modified":"2022-03-04T16:04:30","modified_gmt":"2022-03-04T19:04:30","slug":"definida-nova-data-para-leilao-da-rodoviaria-de-bh-terminais-e-estacoes-do-move-metropolitano","status":"publish","type":"post","link":"https:\/\/diarioregionaldigital.com.br\/?p=195708","title":{"rendered":"Definida nova data para leil\u00e3o da Rodovi\u00e1ria de BH, terminais e esta\u00e7\u00f5es do Move Metropolitano"},"content":{"rendered":"<p>A\u00a0<a href=\"http:\/\/www.infraestrutura.mg.gov.br\/\" target=\"_blank\" rel=\"noopener\">Secretaria de Estado de Infraestrutura e Mobilidade (Seinfra)<\/a>\u00a0alterou para 25\/3, \u00e0s 14h, a sess\u00e3o p\u00fablica da concess\u00e3o do Terminal Rodovi\u00e1rio Governador Israel Pinheiro (Tergip), cinco terminais e 17 esta\u00e7\u00f5es do transporte metropolitano.\u00a0A mudan\u00e7a tem como objetivo ampliar a competitividade da licita\u00e7\u00e3o e foi feita a pedido das empresas interessadas em participar do leil\u00e3o.<\/p>\n<p>A concorr\u00eancia p\u00fablica ocorrer\u00e1 na sede da Bolsa de Valores (B3), em S\u00e3o Paulo. O crit\u00e9rio de julgamento ser\u00e1 o maior valor de outorga fixa, sendo o valor m\u00ednimo definido em R$ 1.036.779,38 (um milh\u00e3o, trinta e seis mil, setecentos e setenta e nove reais e trinta e oito centavos).<\/p>\n<p>De acordo com o novo cronograma publicado em\u00a0<a title=\"de 3\/3\/2022\" href=\"http:\/\/www.infraestrutura.mg.gov.br\/images\/documentos\/licitacoes\/2022\/Concorrencia-001-2022-Tergip_Terminais\/SEI_GOVMG%20-%2042939843%20-%20Comunicacao.pdf\" target=\"_blank\" rel=\"noopener\">comunicado da Seinfra<\/a>, a data para o recebimento de envelopes das propostas tamb\u00e9m foi prorrogada para 21\/3, das 9h \u00e0s 12h.<\/p>\n<p>Al\u00e9m do Tergip, o projeto prev\u00ea a concess\u00e3o dos terminais metropolitanos de Sarzedo, Ibirit\u00e9, Justin\u00f3polis, Morro Alto (Vespasiano) e S\u00e3o Benedito (Santa Luzia). Da mesma forma, ser\u00e3o concedidas, tamb\u00e9m, as esta\u00e7\u00f5es Risoleta Neves, Portal Santa Luzia, Ubajara, Atalaia, Alvorada, Bernardo Monteiro, Nossa Senhora de Copacabana, UPA Justin\u00f3polis, Aar\u00e3o Reis, Oiapoque, Parque S\u00e3o Pedro, Cana\u00e3, Bosque da Esperan\u00e7a, Trevo Morro Alto, Cidade Administrativa, Serra Verde e Trevo Santa Luzia.<\/p>\n<p>O cronograma com os novos prazos, bem como o edital de licita\u00e7\u00e3o podem ser consultados no\u00a0<a href=\"http:\/\/www.infraestrutura.mg.gov.br\/component\/gmg\/page\/2458-licitacao-para-concessao-do-tergip-e-terminais-metropolitanos\" target=\"_blank\" rel=\"noopener\">site da Seinfra<\/a>\u00a0e tamb\u00e9m na p\u00e1gina da Unidade PPP de Minas Gerais (<a href=\"http:\/\/www.parcerias.mg.gov.br\/\" target=\"_blank\" rel=\"noopener\">www.parcerias.mg.gov.br<\/a>).<\/p>\n<p><strong>Concess\u00e3o<\/strong><\/p>\n<p>Poder\u00e3o participar da licita\u00e7\u00e3o pessoas jur\u00eddicas brasileiras ou estrangeiras autorizadas a funcionar no Brasil, entidades de previd\u00eancia complementar e fundos de investimento, de forma isolada ou reunidas em cons\u00f3rcio, desde que atendam todos os termos e condi\u00e7\u00f5es do edital.<\/p>\n<p>Com prazo de 30 anos, a expectativa \u00e9 que, neste per\u00edodo, sejam investidos cerca de R$ 116 milh\u00f5es pelo futuro operador.<\/p>\n<p>Al\u00e9m disso, de acordo com c\u00e1lculos da Seinfra, a concess\u00e3o ter\u00e1 potencial para gera\u00e7\u00e3o de aproximadamente 2.800 empregos diretos e indiretos, al\u00e9m da arrecada\u00e7\u00e3o de R$ 17,5 milh\u00f5es em impostos.<\/p>\n<p><strong>Melhorias<\/strong><\/p>\n<p>Nos seis primeiros meses de concess\u00e3o, a empresa vencedora da licita\u00e7\u00e3o dever\u00e1 realizar uma s\u00e9rie de investimentos tanto na rodovi\u00e1ria quanto nas esta\u00e7\u00f5es e terminais metropolitanos. Dentre as a\u00e7\u00f5es previstas est\u00e3o a melhoria das condi\u00e7\u00f5es de utiliza\u00e7\u00e3o dos sanit\u00e1rios e frald\u00e1rios; revitaliza\u00e7\u00e3o das sinaliza\u00e7\u00f5es de informa\u00e7\u00e3o dentro e fora das unidades; disponibiliza\u00e7\u00e3o de internet wi-fi gratuita e tomadas de energia el\u00e9trica para os usu\u00e1rios e revis\u00e3o dos sistemas de escadas rolantes, esteiras e elevadores.<\/p>\n<p>No prazo m\u00e1ximo de 48 meses, a concession\u00e1ria ser\u00e1 obrigada a realizar a requalifica\u00e7\u00e3o do Tergip do ponto de vista estrutural, com a realiza\u00e7\u00e3o de projetos de arquitetura e engenharia, garantindo a recupera\u00e7\u00e3o da pavimenta\u00e7\u00e3o e drenagem de todo im\u00f3vel, dentre outras a\u00e7\u00f5es de melhoria.<\/p>\n<p>Fonte: Ag\u00eancia Minas<\/p>\n","protected":false},"excerpt":{"rendered":"<p>A\u00a0Secretaria de Estado de Infraestrutura e Mobilidade (Seinfra)\u00a0alterou para 25\/3, \u00e0s 14h, a sess\u00e3o p\u00fablica da concess\u00e3o do Terminal Rodovi\u00e1rio Governador Israel Pinheiro (Tergip), cinco terminais e 17 esta\u00e7\u00f5es do transporte metropolitano.\u00a0A mudan\u00e7a tem como objetivo ampliar a competitividade da licita\u00e7\u00e3o e foi feita a pedido das empresas interessadas em participar do leil\u00e3o. A concorr\u00eancia [&hellip;]<\/p>\n","protected":false},"author":246,"featured_media":195709,"comment_status":"closed","ping_status":"closed","sticky":false,"template":"","format":"standard","meta":{"footnotes":""},"categories":[436,254,439],"tags":[],"class_list":["post-195708","post","type-post","status-publish","format-standard","has-post-thumbnail","hentry","category-destaque-da-semana","category-politica","category-ultima-hora"],"_links":{"self":[{"href":"https:\/\/diarioregionaldigital.com.br\/index.php?rest_route=\/wp\/v2\/posts\/195708","targetHints":{"allow":["GET"]}}],"collection":[{"href":"https:\/\/diarioregionaldigital.com.br\/index.php?rest_route=\/wp\/v2\/posts"}],"about":[{"href":"https:\/\/diarioregionaldigital.com.br\/index.php?rest_route=\/wp\/v2\/types\/post"}],"author":[{"embeddable":true,"href":"https:\/\/diarioregionaldigital.com.br\/index.php?rest_route=\/wp\/v2\/users\/246"}],"replies":[{"embeddable":true,"href":"https:\/\/diarioregionaldigital.com.br\/index.php?rest_route=%2Fwp%2Fv2%2Fcomments&post=195708"}],"version-history":[{"count":1,"href":"https:\/\/diarioregionaldigital.com.br\/index.php?rest_route=\/wp\/v2\/posts\/195708\/revisions"}],"predecessor-version":[{"id":195710,"href":"https:\/\/diarioregionaldigital.com.br\/index.php?rest_route=\/wp\/v2\/posts\/195708\/revisions\/195710"}],"wp:featuredmedia":[{"embeddable":true,"href":"https:\/\/diarioregionaldigital.com.br\/index.php?rest_route=\/wp\/v2\/media\/195709"}],"wp:attachment":[{"href":"https:\/\/diarioregionaldigital.com.br\/index.php?rest_route=%2Fwp%2Fv2%2Fmedia&parent=195708"}],"wp:term":[{"taxonomy":"category","embeddable":true,"href":"https:\/\/diarioregionaldigital.com.br\/index.php?rest_route=%2Fwp%2Fv2%2Fcategories&post=195708"},{"taxonomy":"post_tag","embeddable":true,"href":"https:\/\/diarioregionaldigital.com.br\/index.php?rest_route=%2Fwp%2Fv2%2Ftags&post=195708"}],"curies":[{"name":"wp","href":"https:\/\/api.w.org\/{rel}","templated":true}]}}