{"id":195702,"date":"2022-03-04T16:00:46","date_gmt":"2022-03-04T19:00:46","guid":{"rendered":"https:\/\/diarioregionaldigital.com.br\/?p=195702"},"modified":"2022-03-04T16:00:46","modified_gmt":"2022-03-04T19:00:46","slug":"governo-apresenta-avancos-na-execucao-do-acordo-de-reparacao-de-brumadinho","status":"publish","type":"post","link":"https:\/\/diarioregionaldigital.com.br\/?p=195702","title":{"rendered":"Governo apresenta avan\u00e7os na execu\u00e7\u00e3o do Acordo de Repara\u00e7\u00e3o de Brumadinho"},"content":{"rendered":"<p>A assinatura do Acordo Judicial de Repara\u00e7\u00e3o aos danos causados pelo rompimento das barragens da Vale em Brumadinho completa um ano e um m\u00eas nesta sexta-feira (4\/3). Compromissos de repara\u00e7\u00e3o foram firmados tendo como prioridade a recupera\u00e7\u00e3o socioambiental e socioecon\u00f4mica da regi\u00e3o atingida &#8211; Brumadinho e outros 25 munic\u00edpios da bacia do Rio Paraopeba.<\/p>\n<p>Tamb\u00e9m cabe destacar, al\u00e9m das informa\u00e7\u00f5es que constam no v\u00eddeo, a sele\u00e7\u00e3o de 103 obras e iniciativas encaminhadas \u00e0 Vale no fim do m\u00eas de fevereiro para detalhamento de cronogramas e custos. Obras estas a serem executadas nos 26 munic\u00edpios atingidos. S\u00e3o 27 iniciativas para Brumadinho e 76 para os demais munic\u00edpios, sendo tr\u00eas para cada um deles e uma espec\u00edfica para uma comunidade. Leia mais\u00a0<a href=\"https:\/\/www.mg.gov.br\/pro-brumadinho\/pagina\/anexo-i3-projetos-para-bacia-do-paraopeba\" target=\"_blank\" rel=\"noopener\">aqui<\/a>.<\/p>\n<p>O Acordo Judicial visa reparar os danos decorrentes do desastre ocorrido em janeiro de 2019, que tirou a vida de 272 pessoas e responsabiliza a Vale por todos os danos socioambientais e socioecon\u00f4micos provocados em Brumadinho e nos outros 25 munic\u00edpios atingidos da Bacia do Rio Paraopeba.<\/p>\n<p>Informa\u00e7\u00f5es\u00a0detalhadas\u00a0sobre a execu\u00e7\u00e3o podem ser acompanhadas no site\u00a0<a href=\"http:\/\/probrumadinho.mg.gov.br\/\" target=\"_blank\" rel=\"noopener\">probrumadinho.mg.gov.br<\/a>.<\/p>\n<p>Fonte: Ag\u00eancia Minas<\/p>\n","protected":false},"excerpt":{"rendered":"<p>A assinatura do Acordo Judicial de Repara\u00e7\u00e3o aos danos causados pelo rompimento das barragens da Vale em Brumadinho completa um ano e um m\u00eas nesta sexta-feira (4\/3). Compromissos de repara\u00e7\u00e3o foram firmados tendo como prioridade a recupera\u00e7\u00e3o socioambiental e socioecon\u00f4mica da regi\u00e3o atingida &#8211; Brumadinho e outros 25 munic\u00edpios da bacia do Rio Paraopeba. Tamb\u00e9m [&hellip;]<\/p>\n","protected":false},"author":246,"featured_media":195703,"comment_status":"closed","ping_status":"closed","sticky":false,"template":"","format":"standard","meta":{"footnotes":""},"categories":[436,440,254,439],"tags":[],"class_list":["post-195702","post","type-post","status-publish","format-standard","has-post-thumbnail","hentry","category-destaque-da-semana","category-destaques-do-dia","category-politica","category-ultima-hora"],"_links":{"self":[{"href":"https:\/\/diarioregionaldigital.com.br\/index.php?rest_route=\/wp\/v2\/posts\/195702","targetHints":{"allow":["GET"]}}],"collection":[{"href":"https:\/\/diarioregionaldigital.com.br\/index.php?rest_route=\/wp\/v2\/posts"}],"about":[{"href":"https:\/\/diarioregionaldigital.com.br\/index.php?rest_route=\/wp\/v2\/types\/post"}],"author":[{"embeddable":true,"href":"https:\/\/diarioregionaldigital.com.br\/index.php?rest_route=\/wp\/v2\/users\/246"}],"replies":[{"embeddable":true,"href":"https:\/\/diarioregionaldigital.com.br\/index.php?rest_route=%2Fwp%2Fv2%2Fcomments&post=195702"}],"version-history":[{"count":1,"href":"https:\/\/diarioregionaldigital.com.br\/index.php?rest_route=\/wp\/v2\/posts\/195702\/revisions"}],"predecessor-version":[{"id":195704,"href":"https:\/\/diarioregionaldigital.com.br\/index.php?rest_route=\/wp\/v2\/posts\/195702\/revisions\/195704"}],"wp:featuredmedia":[{"embeddable":true,"href":"https:\/\/diarioregionaldigital.com.br\/index.php?rest_route=\/wp\/v2\/media\/195703"}],"wp:attachment":[{"href":"https:\/\/diarioregionaldigital.com.br\/index.php?rest_route=%2Fwp%2Fv2%2Fmedia&parent=195702"}],"wp:term":[{"taxonomy":"category","embeddable":true,"href":"https:\/\/diarioregionaldigital.com.br\/index.php?rest_route=%2Fwp%2Fv2%2Fcategories&post=195702"},{"taxonomy":"post_tag","embeddable":true,"href":"https:\/\/diarioregionaldigital.com.br\/index.php?rest_route=%2Fwp%2Fv2%2Ftags&post=195702"}],"curies":[{"name":"wp","href":"https:\/\/api.w.org\/{rel}","templated":true}]}}