{"id":195696,"date":"2022-03-04T15:55:27","date_gmt":"2022-03-04T18:55:27","guid":{"rendered":"https:\/\/diarioregionaldigital.com.br\/?p=195696"},"modified":"2022-03-04T15:55:27","modified_gmt":"2022-03-04T18:55:27","slug":"moradores-de-quatro-cidades-atingidas-pelas-chuvas-podem-sacar-fgts","status":"publish","type":"post","link":"https:\/\/diarioregionaldigital.com.br\/?p=195696","title":{"rendered":"Moradores de quatro cidades atingidas pelas chuvas podem sacar FGTS"},"content":{"rendered":"<p>Os trabalhadores que possuem dinheiro em contas do Fundo de Garantia do Tempo de Servi\u00e7o (FGTS) e que foram afetados pelas fortes chuvas que atingiram Betim, Rio Piracicaba e Santa Luzia, em Minas Gerais, e tamb\u00e9m S\u00e3o Jos\u00e9 do Cal\u00e7ado, no Esp\u00edrito Santo, podem pedir a libera\u00e7\u00e3o do valor a que t\u00eam direito a partir de hoje (4).<img decoding=\"async\" src=\"https:\/\/agenciabrasil.ebc.com.br\/ebc.png?id=1446246&amp;o=node\" \/><img decoding=\"async\" src=\"https:\/\/agenciabrasil.ebc.com.br\/ebc.gif?id=1446246&amp;o=node\" \/><\/p>\n<p>Os moradores das \u00e1reas devidamente identificadas pelas Defesas Civis nas tr\u00eas cidades mineiras t\u00eam at\u00e9 o dia 14 de abril para requerer o saque da quantia a que fazem jus. J\u00e1 quem vive no munic\u00edpio capixaba pode solicitar o Saque Calamidade at\u00e9 26 de abril.<\/p>\n<p>O Saque Calamidade do FGTS permite ao trabalhador que tem conta vinculada ao FGTS retirar parte ou todo o dinheiro dispon\u00edvel para fazer frente a despesas urgentes e\/ou graves resultantes de desastres naturais. Para ter direito \u00e0 modalidade de saque, \u00e9 preciso que o interessado more em uma \u00e1rea onde o governo estadual, distrital ou municipal tenha decretado situa\u00e7\u00e3o de emerg\u00eancia ou estado de calamidade p\u00fablica, reconhecidos pelo Minist\u00e9rio do Desenvolvimento Regional.<\/p>\n<p>S\u00e3o considerados desastres naturais os desastres decorrentes do rompimento ou colapso de barragens; enchentes ou inunda\u00e7\u00f5es graduais; enxurradas ou inunda\u00e7\u00f5es bruscas; alagamentos; inunda\u00e7\u00f5es resultantes de ressacas mar\u00edtimas; vendavais ou tempestades; ciclones extratropicais; fura\u00e7\u00f5es; tuf\u00f5es; tornados; trombas d\u00b4\u00e1gua e a precipita\u00e7\u00e3o de granizos.<\/p>\n<p>Cada trabalhador que tenha saldo dispon\u00edvel em conta pode sacar at\u00e9 R$ 6.220,00, desde que n\u00e3o tenha feito outras retiradas de valores pelo mesmo motivo, nos \u00faltimos 12 meses.<\/p>\n<p>O Saque Calamidade pode ser solicitado por meio de\u00a0<a href=\"https:\/\/www.caixa.gov.br\/atendimento\/aplicativos\/fgts\/Paginas\/default.aspx\" target=\"_blank\" rel=\"noopener\">aplicativo<\/a>\u00a0do FGTS que o banco disponibiliza na internet. Para mais informa\u00e7\u00f5es, os trabalhadores podem entrar em contato com a Caixa pelo Fale Conosco 0800 726 0207.<\/p>\n<p>Fonte: Ag\u00eancia Brasil<\/p>\n","protected":false},"excerpt":{"rendered":"<p>Os trabalhadores que possuem dinheiro em contas do Fundo de Garantia do Tempo de Servi\u00e7o (FGTS) e que foram afetados pelas fortes chuvas que atingiram Betim, Rio Piracicaba e Santa Luzia, em Minas Gerais, e tamb\u00e9m S\u00e3o Jos\u00e9 do Cal\u00e7ado, no Esp\u00edrito Santo, podem pedir a libera\u00e7\u00e3o do valor a que t\u00eam direito a partir [&hellip;]<\/p>\n","protected":false},"author":246,"featured_media":195697,"comment_status":"closed","ping_status":"closed","sticky":false,"template":"","format":"standard","meta":{"footnotes":""},"categories":[436,261,439],"tags":[],"class_list":["post-195696","post","type-post","status-publish","format-standard","has-post-thumbnail","hentry","category-destaque-da-semana","category-economia","category-ultima-hora"],"_links":{"self":[{"href":"https:\/\/diarioregionaldigital.com.br\/index.php?rest_route=\/wp\/v2\/posts\/195696","targetHints":{"allow":["GET"]}}],"collection":[{"href":"https:\/\/diarioregionaldigital.com.br\/index.php?rest_route=\/wp\/v2\/posts"}],"about":[{"href":"https:\/\/diarioregionaldigital.com.br\/index.php?rest_route=\/wp\/v2\/types\/post"}],"author":[{"embeddable":true,"href":"https:\/\/diarioregionaldigital.com.br\/index.php?rest_route=\/wp\/v2\/users\/246"}],"replies":[{"embeddable":true,"href":"https:\/\/diarioregionaldigital.com.br\/index.php?rest_route=%2Fwp%2Fv2%2Fcomments&post=195696"}],"version-history":[{"count":1,"href":"https:\/\/diarioregionaldigital.com.br\/index.php?rest_route=\/wp\/v2\/posts\/195696\/revisions"}],"predecessor-version":[{"id":195698,"href":"https:\/\/diarioregionaldigital.com.br\/index.php?rest_route=\/wp\/v2\/posts\/195696\/revisions\/195698"}],"wp:featuredmedia":[{"embeddable":true,"href":"https:\/\/diarioregionaldigital.com.br\/index.php?rest_route=\/wp\/v2\/media\/195697"}],"wp:attachment":[{"href":"https:\/\/diarioregionaldigital.com.br\/index.php?rest_route=%2Fwp%2Fv2%2Fmedia&parent=195696"}],"wp:term":[{"taxonomy":"category","embeddable":true,"href":"https:\/\/diarioregionaldigital.com.br\/index.php?rest_route=%2Fwp%2Fv2%2Fcategories&post=195696"},{"taxonomy":"post_tag","embeddable":true,"href":"https:\/\/diarioregionaldigital.com.br\/index.php?rest_route=%2Fwp%2Fv2%2Ftags&post=195696"}],"curies":[{"name":"wp","href":"https:\/\/api.w.org\/{rel}","templated":true}]}}