{"id":195687,"date":"2022-03-04T13:33:32","date_gmt":"2022-03-04T16:33:32","guid":{"rendered":"https:\/\/diarioregionaldigital.com.br\/?p=195687"},"modified":"2022-03-04T13:33:32","modified_gmt":"2022-03-04T16:33:32","slug":"policia-militar-conduz-preso-autor-de-roubo-no-bairro-sao-dimas","status":"publish","type":"post","link":"https:\/\/diarioregionaldigital.com.br\/?p=195687","title":{"rendered":"Pol\u00edcia Militar conduz preso autor de roubo no bairro S\u00e3o Dimas"},"content":{"rendered":"<p>No dia 03mar22 por volta das 22h20min, a Pol\u00edcia Militar compareceu na Av Brasil (Margem direita) no bairro S\u00e3o Dimas para contato com uma mulher de 40 anos, v\u00edtima de roubo. Segundo relato, estava saindo do terminal rodovi\u00e1rio quando foi abordada pelo autor que armado com uma faca anunciou o roubo, subtraiu a bolsa e evadiu. Em contato com o funcion\u00e1rio da rodovi\u00e1ria, o autor foi perseguido por ele, dispensando a bolsa roubada durante a fuga e sendo detido nas media\u00e7\u00f5es do shopping. A PM localizadou a bolsa, tendo sido recuperada e o autor preso e conduzido \u00e0 Delegacia.<\/p>\n","protected":false},"excerpt":{"rendered":"<p>No dia 03mar22 por volta das 22h20min, a Pol\u00edcia Militar compareceu na Av Brasil (Margem direita) no bairro S\u00e3o Dimas para contato com uma mulher de 40 anos, v\u00edtima de roubo. Segundo relato, estava saindo do terminal rodovi\u00e1rio quando foi abordada pelo autor que armado com uma faca anunciou o roubo, subtraiu a bolsa e [&hellip;]<\/p>\n","protected":false},"author":246,"featured_media":195688,"comment_status":"closed","ping_status":"closed","sticky":false,"template":"","format":"standard","meta":{"footnotes":""},"categories":[301,436,439],"tags":[],"class_list":["post-195687","post","type-post","status-publish","format-standard","has-post-thumbnail","hentry","category-artigos-policiais","category-destaque-da-semana","category-ultima-hora"],"_links":{"self":[{"href":"https:\/\/diarioregionaldigital.com.br\/index.php?rest_route=\/wp\/v2\/posts\/195687","targetHints":{"allow":["GET"]}}],"collection":[{"href":"https:\/\/diarioregionaldigital.com.br\/index.php?rest_route=\/wp\/v2\/posts"}],"about":[{"href":"https:\/\/diarioregionaldigital.com.br\/index.php?rest_route=\/wp\/v2\/types\/post"}],"author":[{"embeddable":true,"href":"https:\/\/diarioregionaldigital.com.br\/index.php?rest_route=\/wp\/v2\/users\/246"}],"replies":[{"embeddable":true,"href":"https:\/\/diarioregionaldigital.com.br\/index.php?rest_route=%2Fwp%2Fv2%2Fcomments&post=195687"}],"version-history":[{"count":1,"href":"https:\/\/diarioregionaldigital.com.br\/index.php?rest_route=\/wp\/v2\/posts\/195687\/revisions"}],"predecessor-version":[{"id":195689,"href":"https:\/\/diarioregionaldigital.com.br\/index.php?rest_route=\/wp\/v2\/posts\/195687\/revisions\/195689"}],"wp:featuredmedia":[{"embeddable":true,"href":"https:\/\/diarioregionaldigital.com.br\/index.php?rest_route=\/wp\/v2\/media\/195688"}],"wp:attachment":[{"href":"https:\/\/diarioregionaldigital.com.br\/index.php?rest_route=%2Fwp%2Fv2%2Fmedia&parent=195687"}],"wp:term":[{"taxonomy":"category","embeddable":true,"href":"https:\/\/diarioregionaldigital.com.br\/index.php?rest_route=%2Fwp%2Fv2%2Fcategories&post=195687"},{"taxonomy":"post_tag","embeddable":true,"href":"https:\/\/diarioregionaldigital.com.br\/index.php?rest_route=%2Fwp%2Fv2%2Ftags&post=195687"}],"curies":[{"name":"wp","href":"https:\/\/api.w.org\/{rel}","templated":true}]}}