{"id":195680,"date":"2022-03-04T00:50:30","date_gmt":"2022-03-04T03:50:30","guid":{"rendered":"https:\/\/diarioregionaldigital.com.br\/?p=195680"},"modified":"2022-03-04T00:50:30","modified_gmt":"2022-03-04T03:50:30","slug":"victor-hugo-usa-a-arte-para-imitar-a-vida","status":"publish","type":"post","link":"https:\/\/diarioregionaldigital.com.br\/?p=195680","title":{"rendered":"Victor Hugo usa a arte para imitar a vida"},"content":{"rendered":"<p class=\"normal\">No grande romance Os Miser\u00e1veis, Victor Hugo nos conta a experi\u00eancia de reden\u00e7\u00e3o vivida por seu protagonista Jean Valjean.<\/p>\n<p class=\"normal\">Aquele homem rec\u00e9m libertado da pris\u00e3o (para a qual foi mandado por ter roubado comida) vivia errante e n\u00e3o encontrava abrigo. Resgatado do frio pelo Monsenhor Benvindo foi acolhido em sua casa, alimentado e teve a primeira noite de sono sobre uma cama com len\u00e7\u00f3is limpos em quase duas d\u00e9cadas.<\/p>\n<p class=\"normal\">Por\u00e9m, na calada da noite, se levanta, rouba a prataria de seu anfitri\u00e3o, agride-o e foge. Imediatamente preso, alega que os itens que carregava eram presentes, por\u00e9m, sem convencer os guardas \u00e9 levado de volta para a resid\u00eancia do benevolente senhor para uma acarea\u00e7\u00e3o. Valjean sabia o que tinha feito e j\u00e1 imaginava o sombrio destino que o aguardava, o retorno ao c\u00e1rcere.<\/p>\n<p class=\"normal\">Por\u00e9m, para sua surpresa, Monsenhor Benvindo confirma a hist\u00f3ria do ingrato visitante e ainda o presenteia com mais dois outros valiosos casti\u00e7ais. Espantado com aquela situa\u00e7\u00e3o inusitada, Valjean \u00e9 mais uma vez surpreendido com a declara\u00e7\u00e3o de que aquilo n\u00e3o era uma doa\u00e7\u00e3o, mas uma troca. Benvindo estava comprando-o com aquela prata e como seu propriet\u00e1rio teria poder sobre a vida do ex-presidi\u00e1rio.<\/p>\n<p class=\"normal\">Seu novo mestre ent\u00e3o declara a Valjean: \u201cagora eu te entrego a uma nova vida, justa, boa e \u00edntegra, pois estou transferindo a minha propriedade e sua alma deste momento em diante pertence a Deus!\u201d<\/p>\n<p class=\"normal\">O restante do romance narra a hist\u00f3ria de um homem tentando fazer jus \u00e0quele ato de miseric\u00f3rdia, buscando, em oposi\u00e7\u00e3o a toda ordem de dificuldades impostas pela vil sociedade, viver uma vida honesta e caridosa em conformidade com o bem que recebeu.<\/p>\n<p class=\"normal\">Mais uma vez, a arte imita a vida!<\/p>\n<p class=\"normal\">Quando Cristo foi crucificado ele nos comprou com pre\u00e7o de sangue. Ao pagar com sua vida a pena que merec\u00edamos como pecadores, passamos a pertencer a Deus: \u201cVoc\u00eas foram comprados por alto pre\u00e7o. Portanto, glorifiquem a Deus com o corpo de voc\u00eas\u201d (1 Cor\u00edntios 6: 20).<\/p>\n<p class=\"normal\">Como quem alforria, Cristo nos adquiriu para a liberdade, encerrando em n\u00f3s a \u201cnecessidade\u201d de pecar, pois antes nossos corpos eram instrumentos de transgress\u00e3o, mas agora tornaram-se instrumentos de justi\u00e7a: \u201cN\u00e3o ofere\u00e7am os membros dos seus corpos ao pecado, como instrumentos de injusti\u00e7a; antes ofere\u00e7am-se a Deus como quem voltou da morte para a vida; e ofere\u00e7am os membros dos seus corpos a ele, como instrumentos de justi\u00e7a\u201d (Romanos 6: 13).<\/p>\n<p class=\"normal\">Ser escravo do pecado \u00e9 morte, dessa n\u00f3s fomos resgatados para servir a Deus, para em Cristo seguir vivendo a vida verdadeira!<\/p>\n","protected":false},"excerpt":{"rendered":"<p>No grande romance Os Miser\u00e1veis, Victor Hugo nos conta a experi\u00eancia de reden\u00e7\u00e3o vivida por seu protagonista Jean Valjean. Aquele homem rec\u00e9m libertado da pris\u00e3o (para a qual foi mandado por ter roubado comida) vivia errante e n\u00e3o encontrava abrigo. Resgatado do frio pelo Monsenhor Benvindo foi acolhido em sua casa, alimentado e teve a [&hellip;]<\/p>\n","protected":false},"author":96,"featured_media":0,"comment_status":"closed","ping_status":"closed","sticky":false,"template":"","format":"standard","meta":{"footnotes":""},"categories":[1244],"tags":[],"class_list":["post-195680","post","type-post","status-publish","format-standard","hentry","category-oleg-abramov"],"_links":{"self":[{"href":"https:\/\/diarioregionaldigital.com.br\/index.php?rest_route=\/wp\/v2\/posts\/195680","targetHints":{"allow":["GET"]}}],"collection":[{"href":"https:\/\/diarioregionaldigital.com.br\/index.php?rest_route=\/wp\/v2\/posts"}],"about":[{"href":"https:\/\/diarioregionaldigital.com.br\/index.php?rest_route=\/wp\/v2\/types\/post"}],"author":[{"embeddable":true,"href":"https:\/\/diarioregionaldigital.com.br\/index.php?rest_route=\/wp\/v2\/users\/96"}],"replies":[{"embeddable":true,"href":"https:\/\/diarioregionaldigital.com.br\/index.php?rest_route=%2Fwp%2Fv2%2Fcomments&post=195680"}],"version-history":[{"count":1,"href":"https:\/\/diarioregionaldigital.com.br\/index.php?rest_route=\/wp\/v2\/posts\/195680\/revisions"}],"predecessor-version":[{"id":195681,"href":"https:\/\/diarioregionaldigital.com.br\/index.php?rest_route=\/wp\/v2\/posts\/195680\/revisions\/195681"}],"wp:attachment":[{"href":"https:\/\/diarioregionaldigital.com.br\/index.php?rest_route=%2Fwp%2Fv2%2Fmedia&parent=195680"}],"wp:term":[{"taxonomy":"category","embeddable":true,"href":"https:\/\/diarioregionaldigital.com.br\/index.php?rest_route=%2Fwp%2Fv2%2Fcategories&post=195680"},{"taxonomy":"post_tag","embeddable":true,"href":"https:\/\/diarioregionaldigital.com.br\/index.php?rest_route=%2Fwp%2Fv2%2Ftags&post=195680"}],"curies":[{"name":"wp","href":"https:\/\/api.w.org\/{rel}","templated":true}]}}