{"id":195672,"date":"2022-03-03T13:47:21","date_gmt":"2022-03-03T16:47:21","guid":{"rendered":"https:\/\/diarioregionaldigital.com.br\/?p=195672"},"modified":"2022-03-03T13:47:21","modified_gmt":"2022-03-03T16:47:21","slug":"programa-boniteza-realiza-melhorias-nas-estradas-de-torreoes-e-pires-e-opera-em-outras-102-acoes","status":"publish","type":"post","link":"https:\/\/diarioregionaldigital.com.br\/?p=195672","title":{"rendered":"Programa Boniteza realiza melhorias nas estradas de Torre\u00f5es e Pires e opera em outras 102 a\u00e7\u00f5es"},"content":{"rendered":"<p>Segundo informa\u00e7\u00f5es do site da Prefeitura de Juiz de Fora, atrav\u00e9s da Secretaria de Obras (SO) e do Gabinete de A\u00e7\u00e3o e Di\u00e1logo Comunit\u00e1rio (GADC) da Prefeitura de Juiz de Fora (PJF), o Programa Boniteza realiza 104 interven\u00e7\u00f5es nesta quinta-feira, 3.<\/p>\n<p>&nbsp;<\/p>\n<p><strong>Obras<\/strong><\/p>\n<p>&nbsp;<\/p>\n<p>Os Departamentos de Opera\u00e7\u00e3o e Manuten\u00e7\u00e3o em Obras (Domo) e de Estradas Vicinais da Secretaria de Obras t\u00eam previstas 21 a\u00e7\u00f5es.<\/p>\n<p>&nbsp;<\/p>\n<p>Interven\u00e7\u00f5es em continuidade:<\/p>\n<p>-Constru\u00e7\u00e3o de rede de drenagem &#8211; Rua Celso Nunes Leal &#8211; Bonfim<\/p>\n<p>-Corre\u00e7\u00e3o de eros\u00e3o &#8211; Margem do C\u00f3rrego Linhares &#8211; Linhares<\/p>\n<p>-Retirada de barreira &#8211; Estrada da Varginha &#8211; Varginha<\/p>\n<p>-Lan\u00e7amento de material (entulho) na estrada &#8211; Estrada do Milit\u00e3o &#8211; Ros\u00e1rio de Minas<\/p>\n<p>-Limpeza de sa\u00edda de \u00e1gua &#8211; Estrada de Penido \u00e0 Ros\u00e1rio &#8211; Ros\u00e1rio de Minas<\/p>\n<p>-Encabe\u00e7amento de bueiro &#8211; Estrada da Invernada &#8211; Torre\u00f5es<\/p>\n<p>-Ro\u00e7ada na comunidade de Sarandira &#8211; Ruas do Distrito de Sarandira<\/p>\n<p>-Limpeza das bocas de lobo em toda extens\u00e3o &#8211; Rua Professor Jos\u00e9 Barata &#8211; Santos Dumont<\/p>\n<p>-Limpeza das bocas de lobo em toda extens\u00e3o &#8211; Rua Gabriel Gon\u00e7alves\u00a0 da Silva &#8211; Parque Independ\u00eancia<\/p>\n<p>-Corre\u00e7\u00e3o de eros\u00e3o pluvial &#8211; Rua Alberto Pinto &#8211; S\u00e3o Pedro<\/p>\n<p>&nbsp;<\/p>\n<p>Novas interven\u00e7\u00f5es:<\/p>\n<p>-Patrolamento com reaproveitamento de material do local &#8211; Rua\u00a0 Vereador Raymundo Hargreaves &#8211; Francisco Bernardino<\/p>\n<p>-Recupera\u00e7\u00e3o de caixa pluvial (boca de lobo)\u00a0\u00a0 \u00a0Avenida Brasil &#8211; Esquina com Garibaldi Campinhos &#8211; Vitorino Braga<\/p>\n<p>-Limpeza das bocas de lobo em toda extens\u00e3o &#8211; Rua Artes\u00e3o Ant\u00f4nio de Oliveira &#8211; Adolfo Vireque<\/p>\n<p>-Limpeza das bocas de lobo em toda extens\u00e3o &#8211; Rua das Flores &#8211; Grama<\/p>\n<p>-Corre\u00e7\u00e3o de eros\u00e3o pluvial &#8211; Rua Alberto Pinto &#8211; S\u00e3o Pedro<\/p>\n<p>-Corre\u00e7\u00e3o de eros\u00e3o pluvial &#8211; Rua Ces\u00e1rio Alvim &#8211; S\u00e3o Bernardo<\/p>\n<p>-Execu\u00e7\u00e3o de dreno &#8211; Rua Maria Belo da Silva (entrada Grama )\u00a0\u00a0\u00a0 \u00a0Grama<\/p>\n<p>-Retirada de grades \u2013 Pra\u00e7a Teot\u00f4nio Vilela &#8211; Vitorino Braga<\/p>\n<p>-Reparo em boca de lobo &#8211; Avenida Presidente Itamar Franco, n\u00ba 2499 &#8211; S\u00e3o Mateus<\/p>\n<p>-Limpeza das bocas de lobo &#8211; Rua Oct\u00e1vio Malvacini, n\u00ba 30 &#8211; S\u00e3o Pedro<\/p>\n<p>-Patrolamento com reaproveitamento de material do local &#8211; Estrada da Lagoa<\/p>\n<p>-Patrolamento com reaproveitamento de material do local &#8211; Estrada de Toledos<\/p>\n<p>-Corre\u00e7\u00e3o de pontos cr\u00edticos &#8211; Estrada do Pe\u00e3o &#8211; Torre\u00f5es<\/p>\n<p>-Corre\u00e7\u00e3o de pontos cr\u00edticos &#8211; Estrada Pedra da On\u00e7a &#8211; Pires<\/p>\n<p>&nbsp;<\/p>\n<p><strong>Ilumina\u00e7\u00e3o P\u00fablica<\/strong><\/p>\n<p>&nbsp;<\/p>\n<p>O departamento de Ilumina\u00e7\u00e3o P\u00fablica da PJF d\u00e1 continuidade \u00e0s a\u00e7\u00f5es com a previs\u00e3o de trocas de 81 l\u00e2mpadas em todas as regi\u00f5es.<\/p>\n<p>&nbsp;<\/p>\n<p><strong>-Morro da Gl\u00f3ria<\/strong><\/p>\n<p>Rua Dom Lasagna<\/p>\n<p>&nbsp;<\/p>\n<p><strong>-Passos<\/strong><\/p>\n<p>Rua Bar\u00e3o de S\u00e3o Marcelino<\/p>\n<p>&nbsp;<\/p>\n<p><strong>-Jardim Gl\u00f3ria<\/strong><\/p>\n<p>Rua Quintino Bocaiuva<\/p>\n<p>&nbsp;<\/p>\n<p><strong>-Mariano Proc\u00f3pio<\/strong><\/p>\n<p>Rua Dom Pedro II<\/p>\n<p>&nbsp;<\/p>\n<p><strong>-Santa Helena<\/strong><\/p>\n<p>Rua Vilela Filho<\/p>\n<p>&nbsp;<\/p>\n<p><strong>-S\u00e3o Dami\u00e3o<\/strong><\/p>\n<p>Rua C\u00e9lio Braga de Araujo<\/p>\n<p>Rua Osmar Fernandes de Oliveira<\/p>\n<p>Rua Bartolomeu dos Santos<\/p>\n<p>Rua Miguel Bechara<\/p>\n<p>Rua Doutor Joaquim Ribeiro de Oliveira<\/p>\n<p>&nbsp;<\/p>\n<p><strong>-S\u00e3o Francisco de Paula<\/strong><\/p>\n<p>Rua Reinaldo Gomes de Almeida<\/p>\n<p>Rua \u00c1lvaro Cruz<\/p>\n<p>Rua Jos\u00e9 Dias Ferreira<\/p>\n<p>Rua Sebastiao de Oliveira<\/p>\n<p>Rua Jo\u00e3o de Oliveira<\/p>\n<p>&nbsp;<\/p>\n<p><strong>-J\u00f3quei Clube I<\/strong><\/p>\n<p>Rua Constan\u00e7a Vidal<\/p>\n<p>Rua Benjamim Marques<\/p>\n<p>Rua Jos\u00e9 Bas\u00edlio da Costa<\/p>\n<p>Avenida Presidente Juscelino Kubitschek<\/p>\n<p>&nbsp;<\/p>\n<p><strong>Santa Maria<\/strong><\/p>\n<p>Rua Venina Fernandes de Assis<\/p>\n<p>Rua Onofre Oliveira Salles<\/p>\n<p>&nbsp;<\/p>\n<p><strong>-Barreira do Triunfo<\/strong><\/p>\n<p>Estrada Elias Jos\u00e9 Mockdeci<\/p>\n<p>Rua Berenice Campos Souza<\/p>\n<p>&nbsp;<\/p>\n<p><strong>-Monte Castelo<\/strong><\/p>\n<p>Rua Nazira Mattar de Freitas<\/p>\n<p>&nbsp;<\/p>\n<p><strong>-Encosta do Sol<\/strong><\/p>\n<p>Rua Poeta Daltemar Lima<\/p>\n<p>&nbsp;<\/p>\n<p><strong>-Novo Horizonte<\/strong><\/p>\n<p>Rua das Orqu\u00eddeas<\/p>\n<p>&nbsp;<\/p>\n<p><strong>-Adolfo Vireque<\/strong><\/p>\n<p>Rua Jos\u00e9 Louren\u00e7o<\/p>\n<p>&nbsp;<\/p>\n<p><strong>-Santos Dumont<\/strong><\/p>\n<p>Rua Professor Villas Bou\u00e7ada<\/p>\n<p>&nbsp;<\/p>\n<p><strong>-Vina Del Mar<\/strong><\/p>\n<p>Rua Izabel Defeo Zanini<\/p>\n<p>Rua Fortunato Zanini<\/p>\n<p>Rua Belmar<\/p>\n<p>&nbsp;<\/p>\n<p><strong>-Itatiaia<\/strong><\/p>\n<p>Rua Vicente Jos\u00e9 Weiss<\/p>\n<p>&nbsp;<\/p>\n<p><strong>-Alto dos Pinheiros<\/strong><\/p>\n<p>Rua Felipe Scheffer Sobrinho<\/p>\n<p>&nbsp;<\/p>\n<p><strong>-Bar\u00e3o do Retiro<\/strong><\/p>\n<p>Rua Jos\u00e9 Augusto Ara\u00fajo<\/p>\n<p>Rua Sebasti\u00e3o Cardoso<\/p>\n<p>Rua Jose Pires de Almeida<\/p>\n<p>Rua Doutor Saulo Villela<\/p>\n<p>&nbsp;<\/p>\n<p><strong>-Vila Ideal<\/strong><\/p>\n<p>Rua Doutor Jo\u00e3o Vieira<\/p>\n<p>Rua Padre Jos\u00e9 Irany de Oliveira<\/p>\n<p>&nbsp;<\/p>\n<p><strong>-Parque Serra Verde<\/strong><\/p>\n<p>Rua Luiz Gonzaga de Figueiredo<\/p>\n<p>&nbsp;<\/p>\n<p><strong>-Floresta<\/strong><\/p>\n<p>Rua C (Condom\u00ednio Florestinha)<\/p>\n<p>&nbsp;<\/p>\n<p><strong>-Santo Ant\u00f4nio<\/strong><\/p>\n<p>Rua Francisco Pereira<\/p>\n<p>&nbsp;<\/p>\n<p><strong>-Terras Altas<\/strong><\/p>\n<p>Rua Padre Jo\u00e3o Micheletto<\/p>\n<p>Rua Marly Candida da Silva<\/p>\n<p>Rua Geraldo Dias Passos<\/p>\n<p>Avenida Fernando Senra<\/p>\n<p>&nbsp;<\/p>\n<p><strong>-Jardim Esperan\u00e7a<\/strong><\/p>\n<p>Rua Arist\u00f3teles e Nascimento<\/p>\n<p>Rua Henrique Pimenta Brasiel<\/p>\n<p>Rua Professora Olinda Magalh\u00e3es<\/p>\n<p>&nbsp;<\/p>\n<p><strong>-Granjas Bethel<\/strong><\/p>\n<p>Estrada Uniao e Industria<\/p>\n<p>Rua Euz\u00e9bio Ant\u00f4nio Esteves<\/p>\n<p>&nbsp;<\/p>\n<p><strong>-Vila Ozanan<\/strong><\/p>\n<p>Rua Valentim Dily<\/p>\n<p>Rua Carneiro da Silva<\/p>\n<p>Rua Major Jo\u00e3o Martins<\/p>\n<p>&nbsp;<\/p>\n<p><strong>-Retiro<\/strong><\/p>\n<p>Rua Pedro Ara\u00fajo Porto<\/p>\n<p>&nbsp;<\/p>\n<p><strong>-Jardim das Pedras Preciosas (Retiro)<\/strong><\/p>\n<p>Rua Opala<\/p>\n<p>&nbsp;<\/p>\n<p><strong>-Parque das Palmeiras<\/strong><\/p>\n<p>Rua Professora Geralda Armond<\/p>\n<p>&nbsp;<\/p>\n<p><strong>-Aeroporto<\/strong><\/p>\n<p>Rua Manoel Jos\u00e9 Rezende<\/p>\n<p>&nbsp;<\/p>\n<p><strong>-Teixeiras<\/strong><\/p>\n<p>Avenida Pantaleone Arcuri<\/p>\n<p>&nbsp;<\/p>\n<p><strong>Gabinete de A\u00e7\u00e3o e Di\u00e1logo Comunit\u00e1rio<\/strong><\/p>\n<p>&nbsp;<\/p>\n<p>As a\u00e7\u00f5es da Secretaria de Obras s\u00e3o realizadas atrav\u00e9s do Gabinete de A\u00e7\u00e3o e Di\u00e1logo Comunit\u00e1rio, que recebe demandas de melhorias urbanas pelo n\u00famero (32) 3690-7241, por liga\u00e7\u00e3o ou WhatsApp.<\/p>\n<p>&nbsp;<\/p>\n<p>No\u00a0<a href=\"https:\/\/www.pjf.mg.gov.br\/gabinetecomunitario\/\"><strong>site do gabinete<\/strong><\/a>, est\u00e3o dispon\u00edveis informa\u00e7\u00f5es atualizadas\u00a0 diariamente sobre os servi\u00e7os realizados pelas secretarias de Obras (SO); de Sustentabilidade em Meio Ambiente e Atividades Urbanas (Sesmaur); de Mobilidade Urbana (SMU); e pela\u00a0 Empresa Municipal de Pavimenta\u00e7\u00e3o e Urbaniza\u00e7\u00e3o (Empav); Departamento Municipal de Limpeza Urbana (Demlurb); e Companhia de Saneamento Municipal (Cesama).<\/p>\n","protected":false},"excerpt":{"rendered":"<p>Segundo informa\u00e7\u00f5es do site da Prefeitura de Juiz de Fora, atrav\u00e9s da Secretaria de Obras (SO) e do Gabinete de A\u00e7\u00e3o e Di\u00e1logo Comunit\u00e1rio (GADC) da Prefeitura de Juiz de Fora (PJF), o Programa Boniteza realiza 104 interven\u00e7\u00f5es nesta quinta-feira, 3. &nbsp; Obras &nbsp; Os Departamentos de Opera\u00e7\u00e3o e Manuten\u00e7\u00e3o em Obras (Domo) e de [&hellip;]<\/p>\n","protected":false},"author":246,"featured_media":195673,"comment_status":"closed","ping_status":"closed","sticky":false,"template":"","format":"standard","meta":{"footnotes":""},"categories":[253,436,439],"tags":[],"class_list":["post-195672","post","type-post","status-publish","format-standard","has-post-thumbnail","hentry","category-cidade","category-destaque-da-semana","category-ultima-hora"],"_links":{"self":[{"href":"https:\/\/diarioregionaldigital.com.br\/index.php?rest_route=\/wp\/v2\/posts\/195672","targetHints":{"allow":["GET"]}}],"collection":[{"href":"https:\/\/diarioregionaldigital.com.br\/index.php?rest_route=\/wp\/v2\/posts"}],"about":[{"href":"https:\/\/diarioregionaldigital.com.br\/index.php?rest_route=\/wp\/v2\/types\/post"}],"author":[{"embeddable":true,"href":"https:\/\/diarioregionaldigital.com.br\/index.php?rest_route=\/wp\/v2\/users\/246"}],"replies":[{"embeddable":true,"href":"https:\/\/diarioregionaldigital.com.br\/index.php?rest_route=%2Fwp%2Fv2%2Fcomments&post=195672"}],"version-history":[{"count":1,"href":"https:\/\/diarioregionaldigital.com.br\/index.php?rest_route=\/wp\/v2\/posts\/195672\/revisions"}],"predecessor-version":[{"id":195674,"href":"https:\/\/diarioregionaldigital.com.br\/index.php?rest_route=\/wp\/v2\/posts\/195672\/revisions\/195674"}],"wp:featuredmedia":[{"embeddable":true,"href":"https:\/\/diarioregionaldigital.com.br\/index.php?rest_route=\/wp\/v2\/media\/195673"}],"wp:attachment":[{"href":"https:\/\/diarioregionaldigital.com.br\/index.php?rest_route=%2Fwp%2Fv2%2Fmedia&parent=195672"}],"wp:term":[{"taxonomy":"category","embeddable":true,"href":"https:\/\/diarioregionaldigital.com.br\/index.php?rest_route=%2Fwp%2Fv2%2Fcategories&post=195672"},{"taxonomy":"post_tag","embeddable":true,"href":"https:\/\/diarioregionaldigital.com.br\/index.php?rest_route=%2Fwp%2Fv2%2Ftags&post=195672"}],"curies":[{"name":"wp","href":"https:\/\/api.w.org\/{rel}","templated":true}]}}