{"id":195666,"date":"2022-03-03T13:43:28","date_gmt":"2022-03-03T16:43:28","guid":{"rendered":"https:\/\/diarioregionaldigital.com.br\/?p=195666"},"modified":"2022-03-03T13:43:28","modified_gmt":"2022-03-03T16:43:28","slug":"pjf-restaura-dreno-no-parque-serra-verde-e-investiga-possivel-sabotagem","status":"publish","type":"post","link":"https:\/\/diarioregionaldigital.com.br\/?p=195666","title":{"rendered":"PJF restaura dreno no Parque Serra Verde e investiga poss\u00edvel sabotagem"},"content":{"rendered":"<p>Segundo informa\u00e7\u00f5es do site da Prefeitura de Juiz de Fora, nesta quinta-feira, 3, a Prefeitura de Juiz de Fora (PJF) identificou a obstru\u00e7\u00e3o do dreno montado com tubos de PVC no Parque Serra Verde. A barreira foi feita de forma emergencial pela Secretaria de Obras ainda no come\u00e7o de fevereiro para impedir que o fluxo da \u00e1gua chegasse aos bairros de Lourdes e Tiguera.<\/p>\n<p>Durante a madrugada, sacos com areia que estavam formando a barreira foram colocados na boca dos tubos. A PJF lamenta a irresponsabilidade de quem provocou a obstru\u00e7\u00e3o e informa que a Secretaria de Seguran\u00e7a Urbana e Cidadania (Sesuc) vai registrar boletim de ocorr\u00eancia para averiguar a situa\u00e7\u00e3o que est\u00e1 acontecendo repetidas vezes e, tamb\u00e9m, seguir\u00e1 monitorando esses crimes. Equipes da Secretaria de Obras j\u00e1 realizaram a restaura\u00e7\u00e3o do dreno para evitar maiores transtornos para a popula\u00e7\u00e3o.<\/p>\n<p>A PJF est\u00e1 recebendo propostas para contratar a empresa que realizar\u00e1 a obra definitiva em car\u00e1ter de emerg\u00eancia.<\/p>\n","protected":false},"excerpt":{"rendered":"<p>Segundo informa\u00e7\u00f5es do site da Prefeitura de Juiz de Fora, nesta quinta-feira, 3, a Prefeitura de Juiz de Fora (PJF) identificou a obstru\u00e7\u00e3o do dreno montado com tubos de PVC no Parque Serra Verde. A barreira foi feita de forma emergencial pela Secretaria de Obras ainda no come\u00e7o de fevereiro para impedir que o fluxo [&hellip;]<\/p>\n","protected":false},"author":246,"featured_media":195667,"comment_status":"closed","ping_status":"closed","sticky":false,"template":"","format":"standard","meta":{"footnotes":""},"categories":[253,436,439],"tags":[],"class_list":["post-195666","post","type-post","status-publish","format-standard","has-post-thumbnail","hentry","category-cidade","category-destaque-da-semana","category-ultima-hora"],"_links":{"self":[{"href":"https:\/\/diarioregionaldigital.com.br\/index.php?rest_route=\/wp\/v2\/posts\/195666","targetHints":{"allow":["GET"]}}],"collection":[{"href":"https:\/\/diarioregionaldigital.com.br\/index.php?rest_route=\/wp\/v2\/posts"}],"about":[{"href":"https:\/\/diarioregionaldigital.com.br\/index.php?rest_route=\/wp\/v2\/types\/post"}],"author":[{"embeddable":true,"href":"https:\/\/diarioregionaldigital.com.br\/index.php?rest_route=\/wp\/v2\/users\/246"}],"replies":[{"embeddable":true,"href":"https:\/\/diarioregionaldigital.com.br\/index.php?rest_route=%2Fwp%2Fv2%2Fcomments&post=195666"}],"version-history":[{"count":1,"href":"https:\/\/diarioregionaldigital.com.br\/index.php?rest_route=\/wp\/v2\/posts\/195666\/revisions"}],"predecessor-version":[{"id":195668,"href":"https:\/\/diarioregionaldigital.com.br\/index.php?rest_route=\/wp\/v2\/posts\/195666\/revisions\/195668"}],"wp:featuredmedia":[{"embeddable":true,"href":"https:\/\/diarioregionaldigital.com.br\/index.php?rest_route=\/wp\/v2\/media\/195667"}],"wp:attachment":[{"href":"https:\/\/diarioregionaldigital.com.br\/index.php?rest_route=%2Fwp%2Fv2%2Fmedia&parent=195666"}],"wp:term":[{"taxonomy":"category","embeddable":true,"href":"https:\/\/diarioregionaldigital.com.br\/index.php?rest_route=%2Fwp%2Fv2%2Fcategories&post=195666"},{"taxonomy":"post_tag","embeddable":true,"href":"https:\/\/diarioregionaldigital.com.br\/index.php?rest_route=%2Fwp%2Fv2%2Ftags&post=195666"}],"curies":[{"name":"wp","href":"https:\/\/api.w.org\/{rel}","templated":true}]}}