{"id":195663,"date":"2022-03-03T13:41:15","date_gmt":"2022-03-03T16:41:15","guid":{"rendered":"https:\/\/diarioregionaldigital.com.br\/?p=195663"},"modified":"2022-03-03T13:41:15","modified_gmt":"2022-03-03T16:41:15","slug":"juiz-de-fora-registra-o-segundo-fevereiro-mais-chuvoso-da-historia","status":"publish","type":"post","link":"https:\/\/diarioregionaldigital.com.br\/?p=195663","title":{"rendered":"Juiz de Fora registra o segundo fevereiro mais chuvoso da hist\u00f3ria"},"content":{"rendered":"<p>Segundo informa\u00e7\u00f5es do site da Prefeitura de Juiz de Fora, no m\u00eas de fevereiro, Juiz de Fora registrou um acumulado de chuvas de 428,40mm, de acordo com o Instituto Nacional de Meteorologia (Inmet). Este foi o fevereiro mais chuvoso dos \u00faltimos 34 anos e o segundo com maior volume de chuva registrado pelo Inmet, que contabiliza os dados desde a d\u00e9cada de 1960.<\/p>\n<p>Durante o m\u00eas, a Defesa Civil atendeu 352 ocorr\u00eancias, com mais da metade relacionadas a deslizamentos de solo. A Zona Leste foi a regi\u00e3o mais afetada, com 108 ocorr\u00eancias atendidas, sendo 45 concentradas no bairro Linhares.<\/p>\n<p>Ap\u00f3s ser integrada \u00e0 Secretaria de Governo nesta gest\u00e3o, a Defesa Civil ampliou as a\u00e7\u00f5es de preven\u00e7\u00e3o por toda cidade. O subsecret\u00e1rio de Prote\u00e7\u00e3o e Defesa Civil, Lu\u00eds Fernando Martins, destaca que este trabalho preventivo no per\u00edodo de estiagem foi fundamental para reduzir os danos causados pelas fortes chuvas. \u201cEm Juiz de Fora, j\u00e1 choveu 794,8 mm em 2022. Est\u00e1 sendo um ano de chuvas muito intensas e vemos como a preven\u00e7\u00e3o foi essencial. Apesar do grande volume de chuvas e ocorr\u00eancias, n\u00e3o tivemos v\u00edtimas fatais e nenhuma pessoa est\u00e1 desabrigada. As nossas equipes de Engenharia e Servi\u00e7o Social tamb\u00e9m trabalham intensamente para responder aos desastres de forma r\u00e1pida\u201d, afirma.<\/p>\n<p>A equipe de Servi\u00e7o Social da Defesa Civil atende todas as fam\u00edlias atingidas e todas que se encaixam nos crit\u00e9rios da lei municipal 14.214\/2021 s\u00e3o encaminhadas para o aux\u00edlio-moradia, um benef\u00edcio que teve o valor ampliado pela atual gest\u00e3o em 2021. A Defesa Civil tamb\u00e9m realiza a doa\u00e7\u00e3o de ajuda humanit\u00e1ria, como cestas b\u00e1sicas, colch\u00f5es e kits dormit\u00f3rios, kit higiene, kit limpeza e direciona para a rede assistencial do munic\u00edpio. Diante das ocorr\u00eancias registradas pela Defesa Civil e do relat\u00f3rio conjunto elaborado por pastas da Prefeitura de Juiz de Fora (PJF), a Uni\u00e3o reconheceu o decreto de emerg\u00eancia do munic\u00edpio em fun\u00e7\u00e3o das chuvas do dia 11 de janeiro e, com isso, a PJF busca recursos federais para responder ao desastre e recuperar as \u00e1reas afetadas.<\/p>\n","protected":false},"excerpt":{"rendered":"<p>Segundo informa\u00e7\u00f5es do site da Prefeitura de Juiz de Fora, no m\u00eas de fevereiro, Juiz de Fora registrou um acumulado de chuvas de 428,40mm, de acordo com o Instituto Nacional de Meteorologia (Inmet). Este foi o fevereiro mais chuvoso dos \u00faltimos 34 anos e o segundo com maior volume de chuva registrado pelo Inmet, que [&hellip;]<\/p>\n","protected":false},"author":246,"featured_media":195664,"comment_status":"closed","ping_status":"closed","sticky":false,"template":"","format":"standard","meta":{"footnotes":""},"categories":[253,436,440,439],"tags":[],"class_list":["post-195663","post","type-post","status-publish","format-standard","has-post-thumbnail","hentry","category-cidade","category-destaque-da-semana","category-destaques-do-dia","category-ultima-hora"],"_links":{"self":[{"href":"https:\/\/diarioregionaldigital.com.br\/index.php?rest_route=\/wp\/v2\/posts\/195663","targetHints":{"allow":["GET"]}}],"collection":[{"href":"https:\/\/diarioregionaldigital.com.br\/index.php?rest_route=\/wp\/v2\/posts"}],"about":[{"href":"https:\/\/diarioregionaldigital.com.br\/index.php?rest_route=\/wp\/v2\/types\/post"}],"author":[{"embeddable":true,"href":"https:\/\/diarioregionaldigital.com.br\/index.php?rest_route=\/wp\/v2\/users\/246"}],"replies":[{"embeddable":true,"href":"https:\/\/diarioregionaldigital.com.br\/index.php?rest_route=%2Fwp%2Fv2%2Fcomments&post=195663"}],"version-history":[{"count":1,"href":"https:\/\/diarioregionaldigital.com.br\/index.php?rest_route=\/wp\/v2\/posts\/195663\/revisions"}],"predecessor-version":[{"id":195665,"href":"https:\/\/diarioregionaldigital.com.br\/index.php?rest_route=\/wp\/v2\/posts\/195663\/revisions\/195665"}],"wp:featuredmedia":[{"embeddable":true,"href":"https:\/\/diarioregionaldigital.com.br\/index.php?rest_route=\/wp\/v2\/media\/195664"}],"wp:attachment":[{"href":"https:\/\/diarioregionaldigital.com.br\/index.php?rest_route=%2Fwp%2Fv2%2Fmedia&parent=195663"}],"wp:term":[{"taxonomy":"category","embeddable":true,"href":"https:\/\/diarioregionaldigital.com.br\/index.php?rest_route=%2Fwp%2Fv2%2Fcategories&post=195663"},{"taxonomy":"post_tag","embeddable":true,"href":"https:\/\/diarioregionaldigital.com.br\/index.php?rest_route=%2Fwp%2Fv2%2Ftags&post=195663"}],"curies":[{"name":"wp","href":"https:\/\/api.w.org\/{rel}","templated":true}]}}