{"id":195660,"date":"2022-03-03T13:38:55","date_gmt":"2022-03-03T16:38:55","guid":{"rendered":"https:\/\/diarioregionaldigital.com.br\/?p=195660"},"modified":"2022-03-03T13:38:55","modified_gmt":"2022-03-03T16:38:55","slug":"palmeiras-supera-athletico-pr-e-conquista-a-recopa-sul-americana","status":"publish","type":"post","link":"https:\/\/diarioregionaldigital.com.br\/?p=195660","title":{"rendered":"Palmeiras supera Athletico-PR e conquista a Recopa Sul-Americana"},"content":{"rendered":"<p>O Palmeiras conquistou nesta quarta-feira (2) o t\u00edtulo in\u00e9dito da Recopa Sul-Americana. No Allianz Parque, em S\u00e3o Paulo, diante de 30 mil torcedores, o Verd\u00e3o bateu o Athletico-PR por 2 a 0. Na partida de ida, na Arena da Baixada, em Curitiba, as equipes empataram por 2 a 2.<img decoding=\"async\" src=\"https:\/\/agenciabrasil.ebc.com.br\/ebc.png?id=1445950&amp;o=node\" \/><img decoding=\"async\" src=\"https:\/\/agenciabrasil.ebc.com.br\/ebc.gif?id=1445950&amp;o=node\" \/><\/p>\n<p>Foi a segunda vez que o Alviverde disputou o torneio. No ano passado, os paulistas ficaram com o vice-campeonato. Ap\u00f3s vencerem o Defensa y Justicia no primeiro jogo, por 2 a 1, no est\u00e1dio Norberto Tomaghello, em Florencio Varela (Argentina), os brasileiros foram derrotados pelo mesmo placar no Man\u00e9 Garrincha, em Bras\u00edlia. Nos p\u00eanaltis, os argentinos ganharam por 4 a 3.<\/p>\n<p>No Palmeiras desde novembro de 2020, Abel Ferreira ergueu o quarto trof\u00e9u (em oito finais disputadas) e se tornou o quarto t\u00e9cnico mais vezes campe\u00e3o no clube. Ele tamb\u00e9m levou o Verd\u00e3o aos t\u00edtulos das duas \u00faltimas Libertadores (2020 e 2021) e da Copa do Brasil (2020). O portugu\u00eas est\u00e1 empatado com os uruguaios Humberto Cabelli e Ventura Camb\u00f3n e fica atr\u00e1s somente de Vanderlei Luxemburgo (oito conquistas), Oswaldo Brand\u00e3o (sete) e Luiz Felipe Scolari (seis).<\/p>\n<p>O Verd\u00e3o ainda se igualou aos rivais Santos e Corinthians, que j\u00e1 haviam conquistado a Recopa uma vez (2012 e 2013, respectivamente). O S\u00e3o Paulo foi campe\u00e3o duas vezes (1993 e 1994) e \u00e9 o clube brasileiro com mais t\u00edtulos no torneio, ao lado de Internacional (2007 e 2011) e Gr\u00eamio (1996 e 2018). Cruzeiro (1998), Atl\u00e9tico-MG (2014) e Flamengo (2020) tamb\u00e9m venceram a competi\u00e7\u00e3o anteriormente.<\/p>\n<p>O primeiro tempo teve um maior volume de jogo do Palmeiras, que finalizou quase quatro vezes a mais (11 a 3), mas nenhuma delas na dire\u00e7\u00e3o do gol, assim como o Athletico. O Verd\u00e3o apostou bastante em cruzamentos da esquerda, mas a defesa rubro-negra levou a melhor na maioria das disputas pelo alto. O Furac\u00e3o conseguiu chegar \u00e0 meta alviverde somente nos 15 minutos finais, mas sem grande perigo ao goleiro Weverton.<\/p>\n<p>O Alviverde manteve a postura ofensiva na etapa final, desta vez balan\u00e7ando as redes. Aos cinco minutos, o meia Z\u00e9 Rafael cobrou falta da entrada da \u00e1rea e mandou nas redes. O goleiro Santos ainda tocou na bola, sem sucesso, mas evitou o segundo na sequ\u00eancia, tr\u00eas minutos depois, salvando uma bicicleta do atacante Rony, dentro da \u00e1rea.<\/p>\n<p>O Athletico tentou se lan\u00e7ar ao ataque, ainda que com dificuldades para entrar na \u00e1rea palmeirense. Aos 33, o meia Marlos cobrou escanteio pela direita, o volante Erick cabeceou no meio do gol, Weverton agarrou, mas deixou escapar e o lateral Marcos Rocha afastou na hora H. O Furac\u00e3o deu espa\u00e7os e o Palmeiras aproveitou. Aos 42, o meia Eduard Atuesta roubou a bola na intermedi\u00e1ria e cruzou rasteiro para o volante Danilo finalizar no canto e definir o placar. Ap\u00f3s o gol, Abel Ferreira foi expulso ap\u00f3s uma discuss\u00e3o entre membros das comiss\u00f5es t\u00e9cnicas.<\/p>\n<p>Os dois times voltam a campo no domingo (6), \u00e0s 16h (hor\u00e1rio de Bras\u00edlia), pelos respectivos campeonatos estaduais. O Palmeiras recebe o Guarani, novamente no Allianz, pela d\u00e9cima rodada do Paulista. O Athletico vai ao est\u00e1dio Ol\u00edmpico Regional, em Cascavel (PR), enfrentar o time da casa, pela \u00faltima rodada da primeira fase do Paranaense.<\/p>\n<p>Fonte: Ag\u00eancia Brasil<\/p>\n","protected":false},"excerpt":{"rendered":"<p>O Palmeiras conquistou nesta quarta-feira (2) o t\u00edtulo in\u00e9dito da Recopa Sul-Americana. No Allianz Parque, em S\u00e3o Paulo, diante de 30 mil torcedores, o Verd\u00e3o bateu o Athletico-PR por 2 a 0. Na partida de ida, na Arena da Baixada, em Curitiba, as equipes empataram por 2 a 2. Foi a segunda vez que o [&hellip;]<\/p>\n","protected":false},"author":246,"featured_media":195661,"comment_status":"closed","ping_status":"closed","sticky":false,"template":"","format":"standard","meta":{"footnotes":""},"categories":[436,257,439],"tags":[],"class_list":["post-195660","post","type-post","status-publish","format-standard","has-post-thumbnail","hentry","category-destaque-da-semana","category-esporte","category-ultima-hora"],"_links":{"self":[{"href":"https:\/\/diarioregionaldigital.com.br\/index.php?rest_route=\/wp\/v2\/posts\/195660","targetHints":{"allow":["GET"]}}],"collection":[{"href":"https:\/\/diarioregionaldigital.com.br\/index.php?rest_route=\/wp\/v2\/posts"}],"about":[{"href":"https:\/\/diarioregionaldigital.com.br\/index.php?rest_route=\/wp\/v2\/types\/post"}],"author":[{"embeddable":true,"href":"https:\/\/diarioregionaldigital.com.br\/index.php?rest_route=\/wp\/v2\/users\/246"}],"replies":[{"embeddable":true,"href":"https:\/\/diarioregionaldigital.com.br\/index.php?rest_route=%2Fwp%2Fv2%2Fcomments&post=195660"}],"version-history":[{"count":1,"href":"https:\/\/diarioregionaldigital.com.br\/index.php?rest_route=\/wp\/v2\/posts\/195660\/revisions"}],"predecessor-version":[{"id":195662,"href":"https:\/\/diarioregionaldigital.com.br\/index.php?rest_route=\/wp\/v2\/posts\/195660\/revisions\/195662"}],"wp:featuredmedia":[{"embeddable":true,"href":"https:\/\/diarioregionaldigital.com.br\/index.php?rest_route=\/wp\/v2\/media\/195661"}],"wp:attachment":[{"href":"https:\/\/diarioregionaldigital.com.br\/index.php?rest_route=%2Fwp%2Fv2%2Fmedia&parent=195660"}],"wp:term":[{"taxonomy":"category","embeddable":true,"href":"https:\/\/diarioregionaldigital.com.br\/index.php?rest_route=%2Fwp%2Fv2%2Fcategories&post=195660"},{"taxonomy":"post_tag","embeddable":true,"href":"https:\/\/diarioregionaldigital.com.br\/index.php?rest_route=%2Fwp%2Fv2%2Ftags&post=195660"}],"curies":[{"name":"wp","href":"https:\/\/api.w.org\/{rel}","templated":true}]}}