{"id":195654,"date":"2022-03-03T13:30:52","date_gmt":"2022-03-03T16:30:52","guid":{"rendered":"https:\/\/diarioregionaldigital.com.br\/?p=195654"},"modified":"2022-03-03T13:30:52","modified_gmt":"2022-03-03T16:30:52","slug":"em-jogo-emocionante-america-mg-avanca-na-fase-previa-da-libertadores","status":"publish","type":"post","link":"https:\/\/diarioregionaldigital.com.br\/?p=195654","title":{"rendered":"Em jogo emocionante, Am\u00e9rica-MG avan\u00e7a na fase pr\u00e9via da Libertadores"},"content":{"rendered":"<p>Com um jogo repleto de emo\u00e7\u00e3o, com direito a virada sobre o Guaran\u00ed (Paraguai) em pleno est\u00e1dio Defensores del Chaco nos 90 minutos, e vit\u00f3ria por 5 a 4 nos p\u00eanaltis, o Am\u00e9rica-MG se classificou para a terceira fase pr\u00e9via da Copa Libertadores.<img decoding=\"async\" src=\"https:\/\/agenciabrasil.ebc.com.br\/ebc.png?id=1445943&amp;o=node\" \/><img decoding=\"async\" src=\"https:\/\/agenciabrasil.ebc.com.br\/ebc.gif?id=1445943&amp;o=node\" \/><\/p>\n<p>Desta forma, o Coelho j\u00e1 assegurou, ao menos, uma vaga na Copa Sul-Americana (para conseguir chegar \u00e0 fase de grupos da Libertadores \u00e9 necess\u00e1rio superar ainda a terceira fase pr\u00e9via, na qual encara o vencedor de Barcelona de Guayaquil e Universit\u00e1rio).<\/p>\n<p>A equipe mineira chegou com desvantagem ao confronto decisivo, ao ser derrotada por 1 a 0 na \u00faltima semana no est\u00e1dio Independ\u00eancia.<\/p>\n<p>O Coelho at\u00e9 come\u00e7ou buscando o ataque. Mas a situa\u00e7\u00e3o come\u00e7ou a se complicar aos 10 minutos, quando o zagueiro \u00c9der derrubou Ben\u00edtez dentro da \u00e1rea. Dois minutos depois Fernando Fern\u00e1ndez cobrou a penalidade m\u00e1xima e n\u00e3o perdoou.<\/p>\n<p>Aos 14 a equipe da casa voltou a vencer o goleiro Jailson, desta vez em gol de cabe\u00e7a do zagueiro Marcos C\u00e1ceres ap\u00f3s cobran\u00e7a de escanteio.<\/p>\n<p>Se a etapa inicial foi do Guaran\u00ed, o Am\u00e9rica-MG assumiu o controle das a\u00e7\u00f5es no segundo tempo. E a rea\u00e7\u00e3o come\u00e7ou aos 13 minutos, quando Wellington Paulista marcou de carrinho ap\u00f3s a bola ser levantada na \u00e1rea. O empate veio aos 29, novamente com o camisa 9, desta vez de cabe\u00e7a, ap\u00f3s receber de Everaldo.<\/p>\n<p>Mas o Coelho precisava de mais um gol para, ao menos, levar o confronto para os p\u00eanaltis. E o time mineiro conseguiu, j\u00e1 nos acr\u00e9scimos da partida, com o atacante Pedrinho.<\/p>\n<p>Na disputa de p\u00eanaltis o Am\u00e9rica-MG foi mais competente, contando com uma defesa do goleiro Jailson e a frieza do atacante Everaldo, que n\u00e3o falhou na cobran\u00e7a que garantiu o triunfo de 5 a 4.<\/p>\n<p>Fonte: Ag\u00eancia Brasil<\/p>\n","protected":false},"excerpt":{"rendered":"<p>Com um jogo repleto de emo\u00e7\u00e3o, com direito a virada sobre o Guaran\u00ed (Paraguai) em pleno est\u00e1dio Defensores del Chaco nos 90 minutos, e vit\u00f3ria por 5 a 4 nos p\u00eanaltis, o Am\u00e9rica-MG se classificou para a terceira fase pr\u00e9via da Copa Libertadores. Desta forma, o Coelho j\u00e1 assegurou, ao menos, uma vaga na Copa [&hellip;]<\/p>\n","protected":false},"author":246,"featured_media":195655,"comment_status":"closed","ping_status":"closed","sticky":false,"template":"","format":"standard","meta":{"footnotes":""},"categories":[436,257,439],"tags":[],"class_list":["post-195654","post","type-post","status-publish","format-standard","has-post-thumbnail","hentry","category-destaque-da-semana","category-esporte","category-ultima-hora"],"_links":{"self":[{"href":"https:\/\/diarioregionaldigital.com.br\/index.php?rest_route=\/wp\/v2\/posts\/195654","targetHints":{"allow":["GET"]}}],"collection":[{"href":"https:\/\/diarioregionaldigital.com.br\/index.php?rest_route=\/wp\/v2\/posts"}],"about":[{"href":"https:\/\/diarioregionaldigital.com.br\/index.php?rest_route=\/wp\/v2\/types\/post"}],"author":[{"embeddable":true,"href":"https:\/\/diarioregionaldigital.com.br\/index.php?rest_route=\/wp\/v2\/users\/246"}],"replies":[{"embeddable":true,"href":"https:\/\/diarioregionaldigital.com.br\/index.php?rest_route=%2Fwp%2Fv2%2Fcomments&post=195654"}],"version-history":[{"count":1,"href":"https:\/\/diarioregionaldigital.com.br\/index.php?rest_route=\/wp\/v2\/posts\/195654\/revisions"}],"predecessor-version":[{"id":195656,"href":"https:\/\/diarioregionaldigital.com.br\/index.php?rest_route=\/wp\/v2\/posts\/195654\/revisions\/195656"}],"wp:featuredmedia":[{"embeddable":true,"href":"https:\/\/diarioregionaldigital.com.br\/index.php?rest_route=\/wp\/v2\/media\/195655"}],"wp:attachment":[{"href":"https:\/\/diarioregionaldigital.com.br\/index.php?rest_route=%2Fwp%2Fv2%2Fmedia&parent=195654"}],"wp:term":[{"taxonomy":"category","embeddable":true,"href":"https:\/\/diarioregionaldigital.com.br\/index.php?rest_route=%2Fwp%2Fv2%2Fcategories&post=195654"},{"taxonomy":"post_tag","embeddable":true,"href":"https:\/\/diarioregionaldigital.com.br\/index.php?rest_route=%2Fwp%2Fv2%2Ftags&post=195654"}],"curies":[{"name":"wp","href":"https:\/\/api.w.org\/{rel}","templated":true}]}}