{"id":195651,"date":"2022-03-03T13:29:25","date_gmt":"2022-03-03T16:29:25","guid":{"rendered":"https:\/\/diarioregionaldigital.com.br\/?p=195651"},"modified":"2022-03-03T13:29:25","modified_gmt":"2022-03-03T16:29:25","slug":"ipc-volta-atras-e-veta-atletas-de-russia-e-belarus-na-paralimpiada","status":"publish","type":"post","link":"https:\/\/diarioregionaldigital.com.br\/?p=195651","title":{"rendered":"IPC volta atr\u00e1s e veta atletas de R\u00fassia e Belarus na Paralimp\u00edada"},"content":{"rendered":"<p>Atletas da R\u00fassia e de Belarus n\u00e3o poder\u00e3o mais participar da Paralimp\u00edada de Inverno, em Pequim (China), que come\u00e7a nesta sexta-feira (4). Um dia ap\u00f3s liber\u00e1-los para competir sob bandeira neutra, o Comit\u00ea Paral\u00edmpico Internacional (IPC, sigla em ingl\u00eas) voltou atr\u00e1s na decis\u00e3o e anunciou hoje (3) a exclus\u00e3o deles do evento. De acordo com o brasileiro Andrew Parsons, presidente do IPC, a entidade reviu a decis\u00e3o de ontem (2) &#8211; autorizando a participa\u00e7\u00e3o de russos e bielorrussos sob bandeira neutra &#8211; ap\u00f3s descontentamento de atletas e Comit\u00eas Nacionais Paral\u00edmpicos (NPCs) ao redor do mundo. A repercuss\u00e3o da invas\u00e3o militar russa \u00e0 Ucr\u00e2nia, no \u00faltimo dia 24, vem provocando uma s\u00e9rie de restri\u00e7\u00f5es globais \u00e0 R\u00fassia. A abertura dos Jogos de Inverno ser\u00e1 as 8h55 (hor\u00e1rio de Bras\u00edlia) desta sexta (4), no est\u00e1dio Ninho do P\u00e1ssaro.<\/p>\n<p>\u201c Ontem dissemos que continuar\u00edamos a ouvir, e \u00e9 isso que estamos fazendo. Nas \u00faltimas 12 horas, um grande n\u00famero de membros entrou em contato conosco e foi muito aberto, pelo que sou grato. Eles nos disseram que, se n\u00e3o reconsiderarmos nossa decis\u00e3o, seria prov\u00e1vel que houvesse graves consequ\u00eancias para os Jogos Paral\u00edmpicos de Inverno de Pequim 2022. V\u00e1rios NPCs [Comit\u00eas Paral\u00edmpicos Nacionais], alguns dos quais foram contatados por seus governos, equipes e atletas, est\u00e3o amea\u00e7ando n\u00e3o competir\u201d, disse Parsons em nota oficial.<\/p>\n<p>\u201cGarantir a seguran\u00e7a dos atletas \u00e9 de suma import\u00e2ncia para n\u00f3s e a situa\u00e7\u00e3o nas vilas dos atletas est\u00e1 aumentando e agora se tornou insustent\u00e1vel. Em primeiro lugar, temos o dever como parte da miss\u00e3o paral\u00edmpica, consagrada na constitui\u00e7\u00e3o, de garantir e fiscalizar a organiza\u00e7\u00e3o de Jogos Paral\u00edmpicos de sucesso, para garantir que no esporte praticado no Movimento Paral\u00edmpico prevale\u00e7a o esp\u00edrito de fair play, viol\u00eancia \u00e9 proibido, o risco \u00e0 sa\u00fade dos atletas \u00e9 gerenciado e os princ\u00edpios \u00e9ticos fundamentais s\u00e3o respeitados&#8221;, completou o dirigente.<\/p>\n<p>A Paralimp\u00edada de Pequim reunir\u00e1 cerca de 600 atletas de de 46 pa\u00edses at\u00e9 13 de mar\u00e7o, \u00faltimo dia de competi\u00e7\u00e3o. O Brasil ser\u00e1 representado por seis atletas, a maioria do esqui cross-country: Aline Rocha, Cristian Ribera, Guilherme Cruz Rocha, Robelson Moreira Lula e Wesley dos Santos. J\u00e1 Andr\u00e9 Barbieri disputar\u00e1 provas do snowboard.<\/p>\n<p>Fonte: Ag\u00eancia Brasil<\/p>\n","protected":false},"excerpt":{"rendered":"<p>Atletas da R\u00fassia e de Belarus n\u00e3o poder\u00e3o mais participar da Paralimp\u00edada de Inverno, em Pequim (China), que come\u00e7a nesta sexta-feira (4). Um dia ap\u00f3s liber\u00e1-los para competir sob bandeira neutra, o Comit\u00ea Paral\u00edmpico Internacional (IPC, sigla em ingl\u00eas) voltou atr\u00e1s na decis\u00e3o e anunciou hoje (3) a exclus\u00e3o deles do evento. De acordo com [&hellip;]<\/p>\n","protected":false},"author":246,"featured_media":195652,"comment_status":"closed","ping_status":"closed","sticky":false,"template":"","format":"standard","meta":{"footnotes":""},"categories":[436,440,257,439],"tags":[],"class_list":["post-195651","post","type-post","status-publish","format-standard","has-post-thumbnail","hentry","category-destaque-da-semana","category-destaques-do-dia","category-esporte","category-ultima-hora"],"_links":{"self":[{"href":"https:\/\/diarioregionaldigital.com.br\/index.php?rest_route=\/wp\/v2\/posts\/195651","targetHints":{"allow":["GET"]}}],"collection":[{"href":"https:\/\/diarioregionaldigital.com.br\/index.php?rest_route=\/wp\/v2\/posts"}],"about":[{"href":"https:\/\/diarioregionaldigital.com.br\/index.php?rest_route=\/wp\/v2\/types\/post"}],"author":[{"embeddable":true,"href":"https:\/\/diarioregionaldigital.com.br\/index.php?rest_route=\/wp\/v2\/users\/246"}],"replies":[{"embeddable":true,"href":"https:\/\/diarioregionaldigital.com.br\/index.php?rest_route=%2Fwp%2Fv2%2Fcomments&post=195651"}],"version-history":[{"count":1,"href":"https:\/\/diarioregionaldigital.com.br\/index.php?rest_route=\/wp\/v2\/posts\/195651\/revisions"}],"predecessor-version":[{"id":195653,"href":"https:\/\/diarioregionaldigital.com.br\/index.php?rest_route=\/wp\/v2\/posts\/195651\/revisions\/195653"}],"wp:featuredmedia":[{"embeddable":true,"href":"https:\/\/diarioregionaldigital.com.br\/index.php?rest_route=\/wp\/v2\/media\/195652"}],"wp:attachment":[{"href":"https:\/\/diarioregionaldigital.com.br\/index.php?rest_route=%2Fwp%2Fv2%2Fmedia&parent=195651"}],"wp:term":[{"taxonomy":"category","embeddable":true,"href":"https:\/\/diarioregionaldigital.com.br\/index.php?rest_route=%2Fwp%2Fv2%2Fcategories&post=195651"},{"taxonomy":"post_tag","embeddable":true,"href":"https:\/\/diarioregionaldigital.com.br\/index.php?rest_route=%2Fwp%2Fv2%2Ftags&post=195651"}],"curies":[{"name":"wp","href":"https:\/\/api.w.org\/{rel}","templated":true}]}}