{"id":195642,"date":"2022-03-03T13:22:58","date_gmt":"2022-03-03T16:22:58","guid":{"rendered":"https:\/\/diarioregionaldigital.com.br\/?p=195642"},"modified":"2022-03-03T13:22:58","modified_gmt":"2022-03-03T16:22:58","slug":"sem-reajuste-ipva-deve-ser-quitado-a-partir-do-dia-21-deste-mes","status":"publish","type":"post","link":"https:\/\/diarioregionaldigital.com.br\/?p=195642","title":{"rendered":"Sem reajuste, IPVA deve ser quitado a partir do dia 21 deste m\u00eas"},"content":{"rendered":"<p>Os propriet\u00e1rios de ve\u00edculos registrados em Minas come\u00e7am a pagar neste m\u00eas o Imposto sobre Propriedade de Ve\u00edculos Automotores (IPVA). No pr\u00f3ximo dia 21, os motoristas podem optar por quitar o tributo em parcela \u00fanica, com desconto de 3%, ou desembolsar o valor referente \u00e0 primeira parcela. As subsequentes devem ser pagas em abril e maio.<\/p>\n<p>O governador Romeu Zema decidiu n\u00e3o reajustar o IPVA neste ano, mantendo os mesmos valores da tabela de 2021. \u00a0Caso fosse adotado o indicador padr\u00e3o, que \u00e9 a tabela Fipe, o aumento do tributo seria de 22,8%.<\/p>\n<p>Em dezembro do ano passado, o governador tamb\u00e9m prorrogou o in\u00edcio do pagamento do tributo de janeiro para mar\u00e7o deste ano, como forma de aliviar o bolso do contribuinte em um per\u00edodo em que h\u00e1 a incid\u00eancia tamb\u00e9m de pagamentos como do IPTU e\u00a0de matr\u00edcula e material escolar.<\/p>\n<p>Neste ano, tamb\u00e9m permanece em vigor o desconto extra de 3% do programa &#8220;Bom Pagador&#8221;, para quem quitou em dia os d\u00e9bitos tribut\u00e1rios relacionados ao ve\u00edculo nos anos de 2021 e 2020.<\/p>\n<p>Para saber se o ve\u00edculo possui o desconto do \u201cBom Pagador\u201d,\u00a0<a href=\"http:\/\/ipva1.fazenda.mg.gov.br\/ipvaonline\/inputConsultaBomPagadorIpvaPorRenavam.action\"><strong>clique aqui<\/strong><\/a>.<\/p>\n<p><strong>Consulta e pagamento<\/strong><\/p>\n<p>A consulta dos valores pode ser feita com a utiliza\u00e7\u00e3o do n\u00famero do Registro Nacional de Ve\u00edculos Automotores (Renavam)\u00a0no\u00a0<a href=\"http:\/\/www.fazenda.mg.gov.br\/\" target=\"_blank\" rel=\"noopener\">site da Secretaria de Estado da Fazenda<\/a>\u00a0ou\u00a0pelo telefone 155 (LigMinas). Tamb\u00e9m \u00e9 poss\u00edvel baixar o aplicativo IPVA-MG, de forma gratuita, ou acessar o\u00a0MG App.<\/p>\n<p>O pagamento pode ser realizado nos terminais de autoatendimento ou guich\u00eas dos bancos autorizados (Bradesco, Sicoob, Mercantil do Brasil, Caixa Econ\u00f4mica Federal, casas lot\u00e9ricas, Mais BB, Banco Postal Brasileiro, Ita\u00fa e Santander) com o n\u00famero do Renavam. Os motoristas t\u00eam a op\u00e7\u00e3o, ainda, de emitir o Documento de Arrecada\u00e7\u00e3o pelo\u00a0<a href=\"http:\/\/www.fazenda.mg.gov.br\/\" target=\"_blank\" rel=\"noopener\">site da SEF-MG<\/a>.<\/p>\n<p>Fonte: Ag\u00eancia Minas<\/p>\n","protected":false},"excerpt":{"rendered":"<p>Os propriet\u00e1rios de ve\u00edculos registrados em Minas come\u00e7am a pagar neste m\u00eas o Imposto sobre Propriedade de Ve\u00edculos Automotores (IPVA). No pr\u00f3ximo dia 21, os motoristas podem optar por quitar o tributo em parcela \u00fanica, com desconto de 3%, ou desembolsar o valor referente \u00e0 primeira parcela. As subsequentes devem ser pagas em abril e [&hellip;]<\/p>\n","protected":false},"author":246,"featured_media":195643,"comment_status":"closed","ping_status":"closed","sticky":false,"template":"","format":"standard","meta":{"footnotes":""},"categories":[436,254,439],"tags":[],"class_list":["post-195642","post","type-post","status-publish","format-standard","has-post-thumbnail","hentry","category-destaque-da-semana","category-politica","category-ultima-hora"],"_links":{"self":[{"href":"https:\/\/diarioregionaldigital.com.br\/index.php?rest_route=\/wp\/v2\/posts\/195642","targetHints":{"allow":["GET"]}}],"collection":[{"href":"https:\/\/diarioregionaldigital.com.br\/index.php?rest_route=\/wp\/v2\/posts"}],"about":[{"href":"https:\/\/diarioregionaldigital.com.br\/index.php?rest_route=\/wp\/v2\/types\/post"}],"author":[{"embeddable":true,"href":"https:\/\/diarioregionaldigital.com.br\/index.php?rest_route=\/wp\/v2\/users\/246"}],"replies":[{"embeddable":true,"href":"https:\/\/diarioregionaldigital.com.br\/index.php?rest_route=%2Fwp%2Fv2%2Fcomments&post=195642"}],"version-history":[{"count":1,"href":"https:\/\/diarioregionaldigital.com.br\/index.php?rest_route=\/wp\/v2\/posts\/195642\/revisions"}],"predecessor-version":[{"id":195644,"href":"https:\/\/diarioregionaldigital.com.br\/index.php?rest_route=\/wp\/v2\/posts\/195642\/revisions\/195644"}],"wp:featuredmedia":[{"embeddable":true,"href":"https:\/\/diarioregionaldigital.com.br\/index.php?rest_route=\/wp\/v2\/media\/195643"}],"wp:attachment":[{"href":"https:\/\/diarioregionaldigital.com.br\/index.php?rest_route=%2Fwp%2Fv2%2Fmedia&parent=195642"}],"wp:term":[{"taxonomy":"category","embeddable":true,"href":"https:\/\/diarioregionaldigital.com.br\/index.php?rest_route=%2Fwp%2Fv2%2Fcategories&post=195642"},{"taxonomy":"post_tag","embeddable":true,"href":"https:\/\/diarioregionaldigital.com.br\/index.php?rest_route=%2Fwp%2Fv2%2Ftags&post=195642"}],"curies":[{"name":"wp","href":"https:\/\/api.w.org\/{rel}","templated":true}]}}