{"id":195620,"date":"2022-03-02T15:01:59","date_gmt":"2022-03-02T18:01:59","guid":{"rendered":"https:\/\/diarioregionaldigital.com.br\/?p=195620"},"modified":"2022-03-02T15:01:59","modified_gmt":"2022-03-02T18:01:59","slug":"pjf-formaliza-parceria-com-cohab-minas-para-regularizacao-fundiaria-no-bairro-vivendas-do-retiro","status":"publish","type":"post","link":"https:\/\/diarioregionaldigital.com.br\/?p=195620","title":{"rendered":"PJF formaliza parceria com Cohab Minas para regulariza\u00e7\u00e3o fundi\u00e1ria no Bairro Vivendas do Retiro"},"content":{"rendered":"<p>Segundo informa\u00e7\u00f5es do site da Prefeitura de Juiz de Fora, a Prefeitura de Juiz de Fora (PJF) formalizou uma parceria com a Companhia de Habita\u00e7\u00e3o de Minas Gerais (Cohab Minas) com o objetivo de promover a regulariza\u00e7\u00e3o fundi\u00e1ria de interesse social (Reurb-S) do conjunto habitacional Renato Azeredo, no bairro Vivendas do Retiro. A iniciativa ir\u00e1 beneficiar 48 fam\u00edlias residentes no local, proporcionando mais seguran\u00e7a para elas e tamb\u00e9m valorizando seus im\u00f3veis, uma vez que eles estar\u00e3o regularizados por meio de registro.<br \/>\nA regulariza\u00e7\u00e3o do conjunto habitacional ir\u00e1 promover a obten\u00e7\u00e3o legal da titularidade do im\u00f3vel, garantindo o direito \u00e0 propriedade pelo ocupante, que, at\u00e9 ent\u00e3o, tinha como documenta\u00e7\u00e3o a concess\u00e3o de uso da habita\u00e7\u00e3o. A formaliza\u00e7\u00e3o do termo de parceria foi realizada em Belo Horizonte, onde a PJF foi representada pela gerente do departamento de planejamento habitacional da Secretaria de Planejamento Urbano (Sepur), Ana Paula Luz, e pelo diretor t\u00e9cnico-social da Empresa Regional de Habita\u00e7\u00e3o de Juiz de Fora (Emcasa), Fabr\u00edcio Zanoli.<br \/>\nOs servidores ainda participaram de uma capacita\u00e7\u00e3o sobre as formas de atendimento e a\u00e7\u00f5es desenvolvidas pela Cohab, em atendimento \u00e0s atribui\u00e7\u00f5es do programa \u201cCohab Mais Perto\u201d. \u201cO treinamento tamb\u00e9m esclareceu d\u00favidas sobre outros processos na \u00e1rea, tendo em vista que a Subsecretaria de Habita\u00e7\u00e3o de Juiz de Fora vem atuando na elabora\u00e7\u00e3o de um decreto regulamentador da Reurb-s na cidade, a fim de nortear os procedimentos necess\u00e1rios para o cumprimento de uma das principais a\u00e7\u00f5es da pol\u00edtica habitacional no munic\u00edpio\u201d, avaliou a gerente da Sepur.<br \/>\nSegundo Fabricio Zanoli, essa coopera\u00e7\u00e3o t\u00e9cnica entre a PJF e a Cohab tem import\u00e2ncia inclusive neste momento de reestrutura\u00e7\u00e3o da Emcasa, visto que possibilita trocas de experi\u00eancias que buscam a melhoria da execu\u00e7\u00e3o de pol\u00edticas de habita\u00e7\u00e3o e regulariza\u00e7\u00e3o fundi\u00e1ria.<br \/>\nAtrav\u00e9s desta parceria, que j\u00e1 \u00e9 realizada em 40 munic\u00edpios mineiros, as prefeituras e a Cohab Minas buscam a regulariza\u00e7\u00e3o fundi\u00e1ria de \u00e1reas de compet\u00eancia conjunta. Cabe \u00e0 Cohab orientar as cidades sobre os aspectos t\u00e9cnicos dos tr\u00e2mites de regulariza\u00e7\u00e3o, com apoio do Col\u00e9gio Registral Imobili\u00e1rio de Minas Gerais (Cori). J\u00e1 o executivo municipal cuidar\u00e1 da execu\u00e7\u00e3o dessas regulariza\u00e7\u00f5es, com os cadastros e aprova\u00e7\u00f5es necess\u00e1rias.<\/p>\n","protected":false},"excerpt":{"rendered":"<p>Segundo informa\u00e7\u00f5es do site da Prefeitura de Juiz de Fora, a Prefeitura de Juiz de Fora (PJF) formalizou uma parceria com a Companhia de Habita\u00e7\u00e3o de Minas Gerais (Cohab Minas) com o objetivo de promover a regulariza\u00e7\u00e3o fundi\u00e1ria de interesse social (Reurb-S) do conjunto habitacional Renato Azeredo, no bairro Vivendas do Retiro. A iniciativa ir\u00e1 [&hellip;]<\/p>\n","protected":false},"author":246,"featured_media":195621,"comment_status":"closed","ping_status":"closed","sticky":false,"template":"","format":"standard","meta":{"footnotes":""},"categories":[253,436,439],"tags":[],"class_list":["post-195620","post","type-post","status-publish","format-standard","has-post-thumbnail","hentry","category-cidade","category-destaque-da-semana","category-ultima-hora"],"_links":{"self":[{"href":"https:\/\/diarioregionaldigital.com.br\/index.php?rest_route=\/wp\/v2\/posts\/195620","targetHints":{"allow":["GET"]}}],"collection":[{"href":"https:\/\/diarioregionaldigital.com.br\/index.php?rest_route=\/wp\/v2\/posts"}],"about":[{"href":"https:\/\/diarioregionaldigital.com.br\/index.php?rest_route=\/wp\/v2\/types\/post"}],"author":[{"embeddable":true,"href":"https:\/\/diarioregionaldigital.com.br\/index.php?rest_route=\/wp\/v2\/users\/246"}],"replies":[{"embeddable":true,"href":"https:\/\/diarioregionaldigital.com.br\/index.php?rest_route=%2Fwp%2Fv2%2Fcomments&post=195620"}],"version-history":[{"count":1,"href":"https:\/\/diarioregionaldigital.com.br\/index.php?rest_route=\/wp\/v2\/posts\/195620\/revisions"}],"predecessor-version":[{"id":195622,"href":"https:\/\/diarioregionaldigital.com.br\/index.php?rest_route=\/wp\/v2\/posts\/195620\/revisions\/195622"}],"wp:featuredmedia":[{"embeddable":true,"href":"https:\/\/diarioregionaldigital.com.br\/index.php?rest_route=\/wp\/v2\/media\/195621"}],"wp:attachment":[{"href":"https:\/\/diarioregionaldigital.com.br\/index.php?rest_route=%2Fwp%2Fv2%2Fmedia&parent=195620"}],"wp:term":[{"taxonomy":"category","embeddable":true,"href":"https:\/\/diarioregionaldigital.com.br\/index.php?rest_route=%2Fwp%2Fv2%2Fcategories&post=195620"},{"taxonomy":"post_tag","embeddable":true,"href":"https:\/\/diarioregionaldigital.com.br\/index.php?rest_route=%2Fwp%2Fv2%2Ftags&post=195620"}],"curies":[{"name":"wp","href":"https:\/\/api.w.org\/{rel}","templated":true}]}}