{"id":195617,"date":"2022-03-02T15:00:25","date_gmt":"2022-03-02T18:00:25","guid":{"rendered":"https:\/\/diarioregionaldigital.com.br\/?p=195617"},"modified":"2022-03-02T15:00:25","modified_gmt":"2022-03-02T18:00:25","slug":"programa-boniteza-corrige-erosoes-no-corrego-no-linhares-e-atua-em-outras-61-intervencoes","status":"publish","type":"post","link":"https:\/\/diarioregionaldigital.com.br\/?p=195617","title":{"rendered":"Programa Boniteza corrige eros\u00f5es no c\u00f3rrego no Linhares e atua em outras 61 interven\u00e7\u00f5es"},"content":{"rendered":"<p>Segundo informa\u00e7\u00f5es do site da Prefeitura de Juiz de Fora, por meio do Gabinete de A\u00e7\u00e3o e Di\u00e1logo Comunit\u00e1rio (GADC) e da Secretaria de Obras (SO) da Prefeitura de Juiz de Fora (PJF), o Programa Boniteza promove 62 a\u00e7\u00f5es de zeladoria nesta quarta-feira, 2.<\/p>\n<p>&nbsp;<\/p>\n<p><strong>Obras<\/strong><\/p>\n<p>&nbsp;<\/p>\n<p>Os Departamentos de Opera\u00e7\u00e3o e Manuten\u00e7\u00e3o em Obras (Domo) e de Estradas Vicinais da Secretaria de Obras t\u00eam previstas 11 a\u00e7\u00f5es.<\/p>\n<p>&nbsp;<\/p>\n<p>Interven\u00e7\u00f5es em continuidade:<\/p>\n<p>-Corre\u00e7\u00e3o de eros\u00e3o &#8211; Margem do C\u00f3rrego Linhares &#8211; Linhares<\/p>\n<p>-Encabe\u00e7amento de bueiro &#8211; Estrada da Invernada<\/p>\n<p>-Retirada de terra &#8211; Estrada das Palmeiras &#8211; N\u00e1utico<\/p>\n<p>-Corre\u00e7\u00e3o de eros\u00e3o pluvial &#8211; Rua Alberto Pinto &#8211; S\u00e3o Pedro<\/p>\n<p>&nbsp;<\/p>\n<p>Novas interven\u00e7\u00f5es:<\/p>\n<p>-Constru\u00e7\u00e3o de rede de drenagem &#8211; Rua Celso Nunes Leal &#8211; Bonfim<\/p>\n<p>-Execu\u00e7\u00e3o de ro\u00e7ada dentro do Distrito de Sarandira &#8211; Ruas do Distrito de Sarandira &#8211; Sarandira<\/p>\n<p>-Limpeza das bocas de lobo em toda extens\u00e3o da rua &#8211; Rua Professor Jos\u00e9 Barata &#8211; Santos Dumont<\/p>\n<p>-Limpeza das bocas de lobo em toda extens\u00e3o da rua &#8211; Rua Oct\u00e1vio\u00a0 Malvacini, 30 &#8211; S\u00e3o Pedro<\/p>\n<p>-Limpeza das bocas de lobo em toda extens\u00e3o da rua &#8211; Rua Gabriel Gon\u00e7alves da Silva &#8211; Parque Independ\u00eancia<\/p>\n<p>-Limpeza das bocas de lobo em toda extens\u00e3o da rua &#8211; Rua Raymundo Cravo &#8211; Parque Independ\u00eancia<\/p>\n<p>-Corre\u00e7\u00e3o de eros\u00e3o pluvial &#8211; Rua Bar\u00e3o de Cataguases,166 &#8211; Santa Helena<\/p>\n<p>&nbsp;<\/p>\n<p><strong>Ilumina\u00e7\u00e3o P\u00fablica<\/strong><\/p>\n<p>&nbsp;<\/p>\n<p>O departamento de Ilumina\u00e7\u00e3o P\u00fablica da PJF d\u00e1 continuidade \u00e0s a\u00e7\u00f5es com a previs\u00e3o de trocas de 51 l\u00e2mpadas em todas as regi\u00f5es.<\/p>\n<p>&nbsp;<\/p>\n<p><strong>-F\u00e1brica<\/strong><\/p>\n<p>Rua Marechal Canrobert Pereira da Costa<\/p>\n<p>&nbsp;<\/p>\n<p><strong>-Democrata<\/strong><\/p>\n<p>Acesso ao Hospital Militar<\/p>\n<p>&nbsp;<\/p>\n<p><strong>-Dom Bosco<\/strong><\/p>\n<p>Rua Vicente Beghelli<\/p>\n<p>&nbsp;<\/p>\n<p><strong>-Santa Cec\u00edlia<\/strong><\/p>\n<p>Travessa Claudionor Barbosa Silva<\/p>\n<p>&nbsp;<\/p>\n<p><strong>-Cascatinha<\/strong><\/p>\n<p>Rua Ant\u00f4nio Marinho Saraiva<\/p>\n<p>&nbsp;<\/p>\n<p><strong>-Passos<\/strong><\/p>\n<p>Rua Bar\u00e3o de S\u00e3o Marcelino<\/p>\n<p>&nbsp;<\/p>\n<p><strong>-Jardim Gl\u00f3ria<\/strong><\/p>\n<p>Rua Quintino Bocaiuva<\/p>\n<p>&nbsp;<\/p>\n<p><strong>-Vitorino Braga<\/strong><\/p>\n<p>Rua S\u00e3o Jos\u00e9<\/p>\n<p>Rua Vitorino Braga<\/p>\n<p>&nbsp;<\/p>\n<p><strong>-Vila Alpina<\/strong><\/p>\n<p>Rua Doutor Eurico Viana<\/p>\n<p>&nbsp;<\/p>\n<p><strong>-S\u00e3o Tarc\u00edsio<\/strong><\/p>\n<p>Rua Vicente Vieira da Mota<\/p>\n<p>&nbsp;<\/p>\n<p><strong>-S\u00e3o Benedito<\/strong><\/p>\n<p>Rua No\u00eamia Egidia dos Santos<\/p>\n<p>&nbsp;<\/p>\n<p><strong>-Tr\u00eas Moinhos<\/strong><\/p>\n<p>Rua Jos\u00e9 Luiz Flores<\/p>\n<p>Rua Jos\u00e9 de Castro Ribeiro<\/p>\n<p>&nbsp;<\/p>\n<p><strong>-Ladeira<\/strong><\/p>\n<p>Rua Henrique Vaz<\/p>\n<p>&nbsp;<\/p>\n<p><strong>-S\u00e3o Sebasti\u00e3o<\/strong><\/p>\n<p>Rua Fausto Machado<\/p>\n<p>&nbsp;<\/p>\n<p><strong>-Granjas Beth\u00e2nia<\/strong><\/p>\n<p>Rua Jo\u00e3o Rosa de Araujo<\/p>\n<p>Rua Otac\u00edlio Esteves da Silva<\/p>\n<p>Rua Avelino Jacob da Silva<\/p>\n<p>Rua Afonso Bazarela Barra<\/p>\n<p>Avenida Juiz de Fora<\/p>\n<p>&nbsp;<\/p>\n<p><strong>-Parque Guarani<\/strong><\/p>\n<p>Rua Major Vicente Moura<\/p>\n<p>&nbsp;<\/p>\n<p><strong>-Bandeirantes<\/strong><\/p>\n<p>Rua Jos\u00e9 Lib\u00e2nio Rodrigues<\/p>\n<p>&nbsp;<\/p>\n<p><strong>-Benfica<\/strong><\/p>\n<p>Rua Henrique Dias<\/p>\n<p>Rua Francisco Esteves de Oliveira<\/p>\n<p>Rua Jeronimo Norberto Fernandes<\/p>\n<p>&nbsp;<\/p>\n<p><strong>-Nova Era\u00a0<\/strong><\/p>\n<p>Rua Sebasti\u00e3o Henriques de Aquino<\/p>\n<p>&nbsp;<\/p>\n<p><strong>-Nova Era II<\/strong><\/p>\n<p>Rua Salvador Del Duca<\/p>\n<p>&nbsp;<\/p>\n<p><strong>-Monte Castelo<\/strong><\/p>\n<p>Rua Nazira Mattar de Freitas<\/p>\n<p>&nbsp;<\/p>\n<p><strong>-Novo Horizonte<\/strong><\/p>\n<p>Rua Prefeito Luiz Penna<\/p>\n<p>Rua Doutor D\u00e9cio Guanabarino<\/p>\n<p>&nbsp;<\/p>\n<p><strong>-Borboleta<\/strong><\/p>\n<p>Rua Waldir Machado Filho<\/p>\n<p>&nbsp;<\/p>\n<p><strong>-S\u00e3o Pedro<\/strong><\/p>\n<p>Rua A<\/p>\n<p>Rua Doutor Asclep\u00edades da Paix\u00e3o Lucas<\/p>\n<p>&nbsp;<\/p>\n<p><strong>-Nova Calif\u00f3rnia<\/strong><\/p>\n<p>Rua Nestor Vasconcellos Neto<\/p>\n<p>&nbsp;<\/p>\n<p><strong>-Costa Carvalho<\/strong><\/p>\n<p>Rua Mariana Moreira Venancio<\/p>\n<p>&nbsp;<\/p>\n<p><strong>-Olavo Costa<\/strong><\/p>\n<p>Rua Padre Alo\u00edsio Jorgler<\/p>\n<p>&nbsp;<\/p>\n<p><strong>-Nossa Senhora de Lourdes<\/strong><\/p>\n<p>Rua Professor Luiz Viana<\/p>\n<p>Rua Florentina Garcia<\/p>\n<p>&nbsp;<\/p>\n<p><strong>-Santo Ant\u00f4nio<\/strong><\/p>\n<p>Rua Francisco Pereira<\/p>\n<p>Rua Jo\u00e3o de Deus Pereira<\/p>\n<p>&nbsp;<\/p>\n<p><strong>-Furtado de Menezes<\/strong><\/p>\n<p>Rua Azevedo Neto<\/p>\n<p>Rua Furtado de Menezes<\/p>\n<p>&nbsp;<\/p>\n<p><strong>-Parque Jardim Burnier<\/strong><\/p>\n<p>Rua Natalino Jos\u00e9 de Paula<\/p>\n<p>&nbsp;<\/p>\n<p><strong>-Renascen\u00e7a<\/strong><\/p>\n<p>Rua Yolanda Bragagnolo<\/p>\n<p>&nbsp;<\/p>\n<p><strong>-Jardim Ga\u00facho<\/strong><\/p>\n<p>Rua Izabel Lucas Jorge<\/p>\n<p>&nbsp;<\/p>\n<p><strong>Gabinete de A\u00e7\u00e3o e Di\u00e1logo Comunit\u00e1rio<\/strong><\/p>\n<p>&nbsp;<\/p>\n<p>As a\u00e7\u00f5es da Secretaria de Obras s\u00e3o realizadas atrav\u00e9s do Gabinete de A\u00e7\u00e3o e Di\u00e1logo Comunit\u00e1rio, que recebe demandas de melhorias urbanas pelo n\u00famero (32) 3690-7241, por liga\u00e7\u00e3o ou WhatsApp.<\/p>\n<p>&nbsp;<\/p>\n<p>No\u00a0<a href=\"https:\/\/www.pjf.mg.gov.br\/gabinetecomunitario\/\"><strong>site do gabinete<\/strong><\/a>, est\u00e3o dispon\u00edveis informa\u00e7\u00f5es atualizadas\u00a0 diariamente sobre os servi\u00e7os realizados pelas secretarias de Obras (SO); de Sustentabilidade em Meio Ambiente e Atividades Urbanas (Sesmaur); de Mobilidade Urbana (SMU); e pela\u00a0 Empresa Municipal de Pavimenta\u00e7\u00e3o e Urbaniza\u00e7\u00e3o (Empav); Departamento Municipal de Limpeza Urbana (Demlurb); e Companhia de Saneamento Municipal (Cesama).<\/p>\n","protected":false},"excerpt":{"rendered":"<p>Segundo informa\u00e7\u00f5es do site da Prefeitura de Juiz de Fora, por meio do Gabinete de A\u00e7\u00e3o e Di\u00e1logo Comunit\u00e1rio (GADC) e da Secretaria de Obras (SO) da Prefeitura de Juiz de Fora (PJF), o Programa Boniteza promove 62 a\u00e7\u00f5es de zeladoria nesta quarta-feira, 2. &nbsp; Obras &nbsp; Os Departamentos de Opera\u00e7\u00e3o e Manuten\u00e7\u00e3o em Obras [&hellip;]<\/p>\n","protected":false},"author":246,"featured_media":195618,"comment_status":"closed","ping_status":"closed","sticky":false,"template":"","format":"standard","meta":{"footnotes":""},"categories":[253,436,439],"tags":[],"class_list":["post-195617","post","type-post","status-publish","format-standard","has-post-thumbnail","hentry","category-cidade","category-destaque-da-semana","category-ultima-hora"],"_links":{"self":[{"href":"https:\/\/diarioregionaldigital.com.br\/index.php?rest_route=\/wp\/v2\/posts\/195617","targetHints":{"allow":["GET"]}}],"collection":[{"href":"https:\/\/diarioregionaldigital.com.br\/index.php?rest_route=\/wp\/v2\/posts"}],"about":[{"href":"https:\/\/diarioregionaldigital.com.br\/index.php?rest_route=\/wp\/v2\/types\/post"}],"author":[{"embeddable":true,"href":"https:\/\/diarioregionaldigital.com.br\/index.php?rest_route=\/wp\/v2\/users\/246"}],"replies":[{"embeddable":true,"href":"https:\/\/diarioregionaldigital.com.br\/index.php?rest_route=%2Fwp%2Fv2%2Fcomments&post=195617"}],"version-history":[{"count":1,"href":"https:\/\/diarioregionaldigital.com.br\/index.php?rest_route=\/wp\/v2\/posts\/195617\/revisions"}],"predecessor-version":[{"id":195619,"href":"https:\/\/diarioregionaldigital.com.br\/index.php?rest_route=\/wp\/v2\/posts\/195617\/revisions\/195619"}],"wp:featuredmedia":[{"embeddable":true,"href":"https:\/\/diarioregionaldigital.com.br\/index.php?rest_route=\/wp\/v2\/media\/195618"}],"wp:attachment":[{"href":"https:\/\/diarioregionaldigital.com.br\/index.php?rest_route=%2Fwp%2Fv2%2Fmedia&parent=195617"}],"wp:term":[{"taxonomy":"category","embeddable":true,"href":"https:\/\/diarioregionaldigital.com.br\/index.php?rest_route=%2Fwp%2Fv2%2Fcategories&post=195617"},{"taxonomy":"post_tag","embeddable":true,"href":"https:\/\/diarioregionaldigital.com.br\/index.php?rest_route=%2Fwp%2Fv2%2Ftags&post=195617"}],"curies":[{"name":"wp","href":"https:\/\/api.w.org\/{rel}","templated":true}]}}