{"id":195614,"date":"2022-03-02T14:58:31","date_gmt":"2022-03-02T17:58:31","guid":{"rendered":"https:\/\/diarioregionaldigital.com.br\/?p=195614"},"modified":"2022-03-02T14:58:31","modified_gmt":"2022-03-02T17:58:31","slug":"eta-sao-pedro-passa-por-manutencao-e-cidade-alta-pode-ter-abastecimento-comprometido-nesta-quinta-3","status":"publish","type":"post","link":"https:\/\/diarioregionaldigital.com.br\/?p=195614","title":{"rendered":"ETA S\u00e3o Pedro passa por manuten\u00e7\u00e3o e Cidade Alta pode ter abastecimento comprometido nesta quinta, 3"},"content":{"rendered":"<p>Segundo informa\u00e7\u00f5es do site da Prefeitura de Juiz de Fora, a Companhia de Saneamento Municipal (Cesama) da Prefeitura de Juiz de Fora (PJF) ir\u00e1 realizar uma manuten\u00e7\u00e3o nas bombas da Esta\u00e7\u00e3o de Tratamento de \u00c1gua (ETA) S\u00e3o Pedro nesta quinta-feira, 3. Os trabalhos ser\u00e3o feitos de 5h \u00e0s 13h e, para isso, ser\u00e1 necess\u00e1rio diminuir a capacidade de produ\u00e7\u00e3o da unidade, o que pode comprometer o abastecimento de toda a Cidade Alta.<\/p>\n<p>A Cesama pede que a popula\u00e7\u00e3o local economize \u00e1gua durante a execu\u00e7\u00e3o dos servi\u00e7os. Assim que a manuten\u00e7\u00e3o for conclu\u00edda, a esta\u00e7\u00e3o voltar\u00e1 \u00e0 opera\u00e7\u00e3o normal, e o abastecimento deve ser totalmente regularizado ainda na noite de quinta-feira.<\/p>\n","protected":false},"excerpt":{"rendered":"<p>Segundo informa\u00e7\u00f5es do site da Prefeitura de Juiz de Fora, a Companhia de Saneamento Municipal (Cesama) da Prefeitura de Juiz de Fora (PJF) ir\u00e1 realizar uma manuten\u00e7\u00e3o nas bombas da Esta\u00e7\u00e3o de Tratamento de \u00c1gua (ETA) S\u00e3o Pedro nesta quinta-feira, 3. Os trabalhos ser\u00e3o feitos de 5h \u00e0s 13h e, para isso, ser\u00e1 necess\u00e1rio diminuir [&hellip;]<\/p>\n","protected":false},"author":246,"featured_media":195615,"comment_status":"closed","ping_status":"closed","sticky":false,"template":"","format":"standard","meta":{"footnotes":""},"categories":[253,436,439],"tags":[],"class_list":["post-195614","post","type-post","status-publish","format-standard","has-post-thumbnail","hentry","category-cidade","category-destaque-da-semana","category-ultima-hora"],"_links":{"self":[{"href":"https:\/\/diarioregionaldigital.com.br\/index.php?rest_route=\/wp\/v2\/posts\/195614","targetHints":{"allow":["GET"]}}],"collection":[{"href":"https:\/\/diarioregionaldigital.com.br\/index.php?rest_route=\/wp\/v2\/posts"}],"about":[{"href":"https:\/\/diarioregionaldigital.com.br\/index.php?rest_route=\/wp\/v2\/types\/post"}],"author":[{"embeddable":true,"href":"https:\/\/diarioregionaldigital.com.br\/index.php?rest_route=\/wp\/v2\/users\/246"}],"replies":[{"embeddable":true,"href":"https:\/\/diarioregionaldigital.com.br\/index.php?rest_route=%2Fwp%2Fv2%2Fcomments&post=195614"}],"version-history":[{"count":1,"href":"https:\/\/diarioregionaldigital.com.br\/index.php?rest_route=\/wp\/v2\/posts\/195614\/revisions"}],"predecessor-version":[{"id":195616,"href":"https:\/\/diarioregionaldigital.com.br\/index.php?rest_route=\/wp\/v2\/posts\/195614\/revisions\/195616"}],"wp:featuredmedia":[{"embeddable":true,"href":"https:\/\/diarioregionaldigital.com.br\/index.php?rest_route=\/wp\/v2\/media\/195615"}],"wp:attachment":[{"href":"https:\/\/diarioregionaldigital.com.br\/index.php?rest_route=%2Fwp%2Fv2%2Fmedia&parent=195614"}],"wp:term":[{"taxonomy":"category","embeddable":true,"href":"https:\/\/diarioregionaldigital.com.br\/index.php?rest_route=%2Fwp%2Fv2%2Fcategories&post=195614"},{"taxonomy":"post_tag","embeddable":true,"href":"https:\/\/diarioregionaldigital.com.br\/index.php?rest_route=%2Fwp%2Fv2%2Ftags&post=195614"}],"curies":[{"name":"wp","href":"https:\/\/api.w.org\/{rel}","templated":true}]}}