{"id":195608,"date":"2022-03-02T14:52:07","date_gmt":"2022-03-02T17:52:07","guid":{"rendered":"https:\/\/diarioregionaldigital.com.br\/?p=195608"},"modified":"2022-03-02T14:52:07","modified_gmt":"2022-03-02T17:52:07","slug":"federacao-de-automobilismo-se-une-a-onda-de-sancoes-a-russia","status":"publish","type":"post","link":"https:\/\/diarioregionaldigital.com.br\/?p=195608","title":{"rendered":"Federa\u00e7\u00e3o de Automobilismo se une a onda de san\u00e7\u00f5es \u00e0 R\u00fassia"},"content":{"rendered":"<p>Seguindo a onda de san\u00e7\u00f5es impostas no mundo esportivo \u00e0 R\u00fassia, a Federa\u00e7\u00e3o Internacional de Automobilismo (FIA)\u00a0<a href=\"https:\/\/www.fia.com\/news\/fia-announces-world-motor-sport-council-decisions-relation-situation-ukraine\">anunciou<\/a>\u00a0nesta ter\u00e7a-feira (1) um pacote de puni\u00e7\u00f5es para pressionar os russos a interromperem a campanha militar contra a Ucr\u00e2nia.<img decoding=\"async\" src=\"https:\/\/agenciabrasil.ebc.com.br\/ebc.png?id=1445716&amp;o=node\" \/><img decoding=\"async\" src=\"https:\/\/agenciabrasil.ebc.com.br\/ebc.gif?id=1445716&amp;o=node\" \/><\/p>\n<p>Entre as medidas adotadas est\u00e1 a proibi\u00e7\u00e3o da realiza\u00e7\u00e3o de competi\u00e7\u00f5es em solo russo ou bielorusso (pa\u00eds que tamb\u00e9m sofreu puni\u00e7\u00e3o por apoiar as a\u00e7\u00f5es b\u00e9licas). Tamb\u00e9m foi proibido o uso de bandeiras ou a execu\u00e7\u00e3o dos hinos destes dois pa\u00edses nos eventos automobil\u00edsticos promovidos pela entidade.<\/p>\n<p>Em rela\u00e7\u00e3o \u00e0 participa\u00e7\u00e3o de equipes da R\u00fassia e da Belarus em eventos da FIA, foi decidido que est\u00e1 proibida. J\u00e1 os pilotos com estas nacionalidades poder\u00e3o correr, mas sob a bandeira da FIA.<\/p>\n<p>\u201cA FIA est\u00e1 observando os desenvolvimentos na Ucr\u00e2nia com tristeza e choque e espero uma resolu\u00e7\u00e3o r\u00e1pida e pac\u00edfica para a situa\u00e7\u00e3o atual. Condenamos a invas\u00e3o russa da Ucr\u00e2nia e nossos pensamentos est\u00e3o com todos aqueles que sofrem como resultado dos acontecimentos na Ucr\u00e2nia. Gostaria de salientar que a FIA, juntamente com os nossos promotores, agiu de forma proativa sobre este assunto na semana passada e se comunicou de acordo com a F\u00f3rmula 1, F\u00f3rmula 2, WTCR e a International Drifting Cup\u201d, declarou o presidente da entidade, Mohammed Ben Sulayem.<\/p>\n<h2>San\u00e7\u00f5es no mundo do esporte<\/h2>\n<p>A R\u00fassia vem sofrendo uma s\u00e9rie de puni\u00e7\u00f5es nos \u00faltimos dias em raz\u00e3o da sua campanha militar em solo ucraniano. Na \u00faltima segunda, por exemplo, a Fifa e a Uefa decidiram suspender a sele\u00e7\u00e3o russa e todos os clubes de futebol do pa\u00eds de participarem de qualquer competi\u00e7\u00e3o organizada por elas, inclusive a pr\u00f3xima Copa do Mundo, que ser\u00e1 disputada este ano no Catar.<\/p>\n<p>J\u00e1 o conselho executivo do Comit\u00ea Ol\u00edmpico Internacional (COI) recomendou que as federa\u00e7\u00f5es esportivas internacionais pro\u00edbam atletas e autoridades russas e bielorrussas de competirem em seus eventos.<\/p>\n<p>Fonte: Ag\u00eancia Brasil<\/p>\n","protected":false},"excerpt":{"rendered":"<p>Seguindo a onda de san\u00e7\u00f5es impostas no mundo esportivo \u00e0 R\u00fassia, a Federa\u00e7\u00e3o Internacional de Automobilismo (FIA)\u00a0anunciou\u00a0nesta ter\u00e7a-feira (1) um pacote de puni\u00e7\u00f5es para pressionar os russos a interromperem a campanha militar contra a Ucr\u00e2nia. Entre as medidas adotadas est\u00e1 a proibi\u00e7\u00e3o da realiza\u00e7\u00e3o de competi\u00e7\u00f5es em solo russo ou bielorusso (pa\u00eds que tamb\u00e9m sofreu [&hellip;]<\/p>\n","protected":false},"author":246,"featured_media":195609,"comment_status":"closed","ping_status":"closed","sticky":false,"template":"","format":"standard","meta":{"footnotes":""},"categories":[436,257,439],"tags":[],"class_list":["post-195608","post","type-post","status-publish","format-standard","has-post-thumbnail","hentry","category-destaque-da-semana","category-esporte","category-ultima-hora"],"_links":{"self":[{"href":"https:\/\/diarioregionaldigital.com.br\/index.php?rest_route=\/wp\/v2\/posts\/195608","targetHints":{"allow":["GET"]}}],"collection":[{"href":"https:\/\/diarioregionaldigital.com.br\/index.php?rest_route=\/wp\/v2\/posts"}],"about":[{"href":"https:\/\/diarioregionaldigital.com.br\/index.php?rest_route=\/wp\/v2\/types\/post"}],"author":[{"embeddable":true,"href":"https:\/\/diarioregionaldigital.com.br\/index.php?rest_route=\/wp\/v2\/users\/246"}],"replies":[{"embeddable":true,"href":"https:\/\/diarioregionaldigital.com.br\/index.php?rest_route=%2Fwp%2Fv2%2Fcomments&post=195608"}],"version-history":[{"count":1,"href":"https:\/\/diarioregionaldigital.com.br\/index.php?rest_route=\/wp\/v2\/posts\/195608\/revisions"}],"predecessor-version":[{"id":195610,"href":"https:\/\/diarioregionaldigital.com.br\/index.php?rest_route=\/wp\/v2\/posts\/195608\/revisions\/195610"}],"wp:featuredmedia":[{"embeddable":true,"href":"https:\/\/diarioregionaldigital.com.br\/index.php?rest_route=\/wp\/v2\/media\/195609"}],"wp:attachment":[{"href":"https:\/\/diarioregionaldigital.com.br\/index.php?rest_route=%2Fwp%2Fv2%2Fmedia&parent=195608"}],"wp:term":[{"taxonomy":"category","embeddable":true,"href":"https:\/\/diarioregionaldigital.com.br\/index.php?rest_route=%2Fwp%2Fv2%2Fcategories&post=195608"},{"taxonomy":"post_tag","embeddable":true,"href":"https:\/\/diarioregionaldigital.com.br\/index.php?rest_route=%2Fwp%2Fv2%2Ftags&post=195608"}],"curies":[{"name":"wp","href":"https:\/\/api.w.org\/{rel}","templated":true}]}}