{"id":195602,"date":"2022-03-02T14:48:46","date_gmt":"2022-03-02T17:48:46","guid":{"rendered":"https:\/\/diarioregionaldigital.com.br\/?p=195602"},"modified":"2022-03-02T14:48:46","modified_gmt":"2022-03-02T17:48:46","slug":"libertadores-flu-supera-millonarios-e-se-aproxima-da-fase-de-grupos","status":"publish","type":"post","link":"https:\/\/diarioregionaldigital.com.br\/?p=195602","title":{"rendered":"Libertadores: Flu supera Millonarios e se aproxima da fase de grupos"},"content":{"rendered":"<p>O Fluminense alcan\u00e7ou o seu primeiro objetivo na temporada, avan\u00e7ou para a terceira fase pr\u00e9via da Ta\u00e7a Libertadores, ap\u00f3s superar o Millonarios (Col\u00f4mbia) por 2 a 0, nesta ter\u00e7a-feira (1) no est\u00e1dio de S\u00e3o Janu\u00e1rio.<img decoding=\"async\" src=\"https:\/\/agenciabrasil.ebc.com.br\/ebc.png?id=1445727&amp;o=node\" \/><img decoding=\"async\" src=\"https:\/\/agenciabrasil.ebc.com.br\/ebc.gif?id=1445727&amp;o=node\" \/><\/p>\n<p>Esta classifica\u00e7\u00e3o foi de grande import\u00e2ncia para o Tricolor das Laranjeiras, que, com ela, garantiu ao menos uma vaga na Copa Sul-Americana (para conseguir chegar \u00e0 fase de grupos da Libertadores \u00e9 necess\u00e1rio superar ainda a terceira fase pr\u00e9via).<\/p>\n<h2>Gols no segundo tempo<\/h2>\n<p>Apesar de ter uma pequena vantagem, ap\u00f3s vencer na ida por 2 a 1 na \u00faltima ter\u00e7a-feira (22) em territ\u00f3rio colombiano, o Fluminense n\u00e3o fez um bom primeiro tempo, tendo muitas dificuldades no setor de cria\u00e7\u00e3o. Apesar de criar a primeira chance de perigo, logo aos 4 minutos, em chute de longe de Willian, a equipe brasileira permitiu que os colombianos jogassem com uma certa tranquilidade, inclusive levando perigo \u00e0 meta defendida pelo goleiro F\u00e1bio em algumas oportunidades.<\/p>\n<p>No segundo tempo o Millonarios continuava criando oportunidades, mas o Fluminense mostrou efici\u00eancia quando as chances apareceram. E a primeira delas veio aos 15 minutos, quando Luiz Henrique enfiou para Calegari, que cruzou para Cano. O argentino finalizou mascado, de carrinho. A zaga conseguiu afastar parcialmente, e Willian Bigode aproveitou e bateu forte para abrir o marcador.<\/p>\n<p>Com a vantagem no placar os espa\u00e7os come\u00e7aram a se apresentar ao Tricolor. O t\u00e9cnico Abel Braga decidiu ent\u00e3o fazer uma mudan\u00e7a ousada, tirou o centroavante argentino Germ\u00e1n Cano para colocar o meia-atacante colombiano Jhon Arias.<\/p>\n<p>E n\u00e3o demorou para que a mudan\u00e7a desse fruto. Dois minutos ap\u00f3s a sua entrada o colombiano recebeu bola enfiada de Yago, partiu em velocidade e bateu com categoria na sa\u00edda do goleiro para ampliar para 2 a 0 aos 27 minutos.<\/p>\n<p>Com a vantagem constru\u00edda coube ao Fluminense apenas administrar o jogo para sair com a importante classifica\u00e7\u00e3o.<\/p>\n<h2>Pr\u00f3xima fase<\/h2>\n<p>Na terceira fase pr\u00e9via da Libertadores o Fluminense pega o vencedor de Olimpia (Paraguai) e Atl\u00e9tico Nacional (Col\u00f4mbia), que se enfrentam na quinta-feira (3). No confronto de ida os paraguaios venceram por 3 a 1.<\/p>\n<p>Fonte: Ag\u00eancia Brasil<\/p>\n","protected":false},"excerpt":{"rendered":"<p>O Fluminense alcan\u00e7ou o seu primeiro objetivo na temporada, avan\u00e7ou para a terceira fase pr\u00e9via da Ta\u00e7a Libertadores, ap\u00f3s superar o Millonarios (Col\u00f4mbia) por 2 a 0, nesta ter\u00e7a-feira (1) no est\u00e1dio de S\u00e3o Janu\u00e1rio. Esta classifica\u00e7\u00e3o foi de grande import\u00e2ncia para o Tricolor das Laranjeiras, que, com ela, garantiu ao menos uma vaga na [&hellip;]<\/p>\n","protected":false},"author":246,"featured_media":195603,"comment_status":"closed","ping_status":"closed","sticky":false,"template":"","format":"standard","meta":{"footnotes":""},"categories":[436,257,439],"tags":[],"class_list":["post-195602","post","type-post","status-publish","format-standard","has-post-thumbnail","hentry","category-destaque-da-semana","category-esporte","category-ultima-hora"],"_links":{"self":[{"href":"https:\/\/diarioregionaldigital.com.br\/index.php?rest_route=\/wp\/v2\/posts\/195602","targetHints":{"allow":["GET"]}}],"collection":[{"href":"https:\/\/diarioregionaldigital.com.br\/index.php?rest_route=\/wp\/v2\/posts"}],"about":[{"href":"https:\/\/diarioregionaldigital.com.br\/index.php?rest_route=\/wp\/v2\/types\/post"}],"author":[{"embeddable":true,"href":"https:\/\/diarioregionaldigital.com.br\/index.php?rest_route=\/wp\/v2\/users\/246"}],"replies":[{"embeddable":true,"href":"https:\/\/diarioregionaldigital.com.br\/index.php?rest_route=%2Fwp%2Fv2%2Fcomments&post=195602"}],"version-history":[{"count":1,"href":"https:\/\/diarioregionaldigital.com.br\/index.php?rest_route=\/wp\/v2\/posts\/195602\/revisions"}],"predecessor-version":[{"id":195604,"href":"https:\/\/diarioregionaldigital.com.br\/index.php?rest_route=\/wp\/v2\/posts\/195602\/revisions\/195604"}],"wp:featuredmedia":[{"embeddable":true,"href":"https:\/\/diarioregionaldigital.com.br\/index.php?rest_route=\/wp\/v2\/media\/195603"}],"wp:attachment":[{"href":"https:\/\/diarioregionaldigital.com.br\/index.php?rest_route=%2Fwp%2Fv2%2Fmedia&parent=195602"}],"wp:term":[{"taxonomy":"category","embeddable":true,"href":"https:\/\/diarioregionaldigital.com.br\/index.php?rest_route=%2Fwp%2Fv2%2Fcategories&post=195602"},{"taxonomy":"post_tag","embeddable":true,"href":"https:\/\/diarioregionaldigital.com.br\/index.php?rest_route=%2Fwp%2Fv2%2Ftags&post=195602"}],"curies":[{"name":"wp","href":"https:\/\/api.w.org\/{rel}","templated":true}]}}