{"id":195599,"date":"2022-03-02T14:47:02","date_gmt":"2022-03-02T17:47:02","guid":{"rendered":"https:\/\/diarioregionaldigital.com.br\/?p=195599"},"modified":"2022-03-02T14:47:02","modified_gmt":"2022-03-02T17:47:02","slug":"paralimpiada-russia-e-belarus-terao-bandeira-neutra-em-pequim","status":"publish","type":"post","link":"https:\/\/diarioregionaldigital.com.br\/?p=195599","title":{"rendered":"Paralimp\u00edada: R\u00fassia e Belarus ter\u00e3o bandeira neutra em Pequim"},"content":{"rendered":"<p>Atletas da R\u00fassia e Belarus foram autorizados pelo Comit\u00ea Paral\u00edmpico Internacional (IPC, sigla em ingl\u00eas) a competir com bandeira neutra nos Jogos Paral\u00edmpicos de Inverno que come\u00e7am na pr\u00f3xima sexta-feira (4).\u00a0 De acordo com a\u00a0<a href=\"https:\/\/www.paralympic.org\/press-release\/ipc-makes-decisions-regarding-rpc-and-npc-belarus\">decis\u00e3o do IPC,<\/a>\u00a0anunciada ap\u00f3s reuni\u00e3o nesta quarta (2), os competidores ser\u00e3o denominados \u201catletas paral\u00edmpicos neutros\u201d e, em caso de p\u00f3dio, ser\u00e1 tocado o hino paral\u00edmpico. Os dois pa\u00edses tamb\u00e9m n\u00e3o constar\u00e3o do quadro de medalhas.\u00a0 As medidas foram adotadas ap\u00f3s a invas\u00e3o militar russa \u00e0 Ucr\u00e2nia, iniciada na madrugada da \u00faltima quinta (24).\u00a0<img decoding=\"async\" src=\"https:\/\/agenciabrasil.ebc.com.br\/ebc.png?id=1445812&amp;o=node\" \/><img decoding=\"async\" src=\"https:\/\/agenciabrasil.ebc.com.br\/ebc.gif?id=1445812&amp;o=node\" \/><\/p>\n<blockquote><p>\u201cO IPC e o Movimento Paral\u00edmpico em geral est\u00e3o muito preocupados com a viola\u00e7\u00e3o grosseira da Tr\u00e9gua Ol\u00edmpica pelos governos russo e bielorrusso nos dias anteriores aos Jogos Paral\u00edmpicos de Inverno de Pequim 2022 O Conselho de Administra\u00e7\u00e3o do IPC est\u00e1 unido em sua condena\u00e7\u00e3o a essas a\u00e7\u00f5es e concordou que elas n\u00e3o podem passar despercebidas ou n\u00e3o tratadas\u201d, afirmou o brasileiro Andrew Parson, presidente do IPC.<\/p><\/blockquote>\n<p>A tr\u00e9gua ol\u00edmpica come\u00e7ou em 4 de fevereiro &#8211; sete dias antes do in\u00edcio dos Jogos de Inverno de Pequim &#8211; e s\u00f3 termina em 20 de mar\u00e7o, sete dias ap\u00f3s o encerramento da Paralimp\u00edada.<\/p>\n<blockquote><p>\u201c\u00c9 decepcionante para os atletas e todas as partes interessadas nos Jogos que, faltando 48 horas para a Cerim\u00f4nia de Abertura, a conversa n\u00e3o seja sobre esporte, mas sobre pol\u00edtica global\u201d, lamentou o presidente do Conselho de Atletas do IPC, Jitske Visser.<\/p><\/blockquote>\n<p>Na \u00faltima segunda (28), o\u00a0<a href=\"https:\/\/agenciabrasil.ebc.com.br\/esportes\/noticia\/2022-02\/coi-recomenda-banir-atletas-russos-e-bielorrussos-de-competicoes\">Comit\u00ea Ol\u00edmpico Internacional (COI) foi mais r\u00edgido em rela\u00e7\u00e3o a atletas russos e bielorrussos<\/a>, recomendando que as federa\u00e7\u00f5es esportivas proibissem a participa\u00e7\u00e3o deles em competi\u00e7\u00f5es esportivas internacionais.<\/p>\n<p>A Paralimp\u00edada de Pequim reunir\u00e1 650 atletas de de 48 pa\u00edses at\u00e9 13 de mar\u00e7o, \u00faltimo dia de competi\u00e7\u00e3o. O Brasil ser\u00e1 representado por seis atletas, a maioria do esqui\u00a0<em>cross-country<\/em>: Aline Rocha, Cristian Ribera, Guilherme Cruz Rocha, Robelson Moreira Lula e Wesley dos Santos.\u00a0J\u00e1 Andr\u00e9 Barbieri disputar\u00e1 provas do\u00a0\u00a0<em>snowboard<\/em>.<\/p>\n<p>Fonte: Ag\u00eancia Brasil<\/p>\n","protected":false},"excerpt":{"rendered":"<p>Atletas da R\u00fassia e Belarus foram autorizados pelo Comit\u00ea Paral\u00edmpico Internacional (IPC, sigla em ingl\u00eas) a competir com bandeira neutra nos Jogos Paral\u00edmpicos de Inverno que come\u00e7am na pr\u00f3xima sexta-feira (4).\u00a0 De acordo com a\u00a0decis\u00e3o do IPC,\u00a0anunciada ap\u00f3s reuni\u00e3o nesta quarta (2), os competidores ser\u00e3o denominados \u201catletas paral\u00edmpicos neutros\u201d e, em caso de p\u00f3dio, ser\u00e1 [&hellip;]<\/p>\n","protected":false},"author":246,"featured_media":195600,"comment_status":"closed","ping_status":"closed","sticky":false,"template":"","format":"standard","meta":{"footnotes":""},"categories":[436,440,257,439],"tags":[],"class_list":["post-195599","post","type-post","status-publish","format-standard","has-post-thumbnail","hentry","category-destaque-da-semana","category-destaques-do-dia","category-esporte","category-ultima-hora"],"_links":{"self":[{"href":"https:\/\/diarioregionaldigital.com.br\/index.php?rest_route=\/wp\/v2\/posts\/195599","targetHints":{"allow":["GET"]}}],"collection":[{"href":"https:\/\/diarioregionaldigital.com.br\/index.php?rest_route=\/wp\/v2\/posts"}],"about":[{"href":"https:\/\/diarioregionaldigital.com.br\/index.php?rest_route=\/wp\/v2\/types\/post"}],"author":[{"embeddable":true,"href":"https:\/\/diarioregionaldigital.com.br\/index.php?rest_route=\/wp\/v2\/users\/246"}],"replies":[{"embeddable":true,"href":"https:\/\/diarioregionaldigital.com.br\/index.php?rest_route=%2Fwp%2Fv2%2Fcomments&post=195599"}],"version-history":[{"count":1,"href":"https:\/\/diarioregionaldigital.com.br\/index.php?rest_route=\/wp\/v2\/posts\/195599\/revisions"}],"predecessor-version":[{"id":195601,"href":"https:\/\/diarioregionaldigital.com.br\/index.php?rest_route=\/wp\/v2\/posts\/195599\/revisions\/195601"}],"wp:featuredmedia":[{"embeddable":true,"href":"https:\/\/diarioregionaldigital.com.br\/index.php?rest_route=\/wp\/v2\/media\/195600"}],"wp:attachment":[{"href":"https:\/\/diarioregionaldigital.com.br\/index.php?rest_route=%2Fwp%2Fv2%2Fmedia&parent=195599"}],"wp:term":[{"taxonomy":"category","embeddable":true,"href":"https:\/\/diarioregionaldigital.com.br\/index.php?rest_route=%2Fwp%2Fv2%2Fcategories&post=195599"},{"taxonomy":"post_tag","embeddable":true,"href":"https:\/\/diarioregionaldigital.com.br\/index.php?rest_route=%2Fwp%2Fv2%2Ftags&post=195599"}],"curies":[{"name":"wp","href":"https:\/\/api.w.org\/{rel}","templated":true}]}}