{"id":195596,"date":"2022-03-02T14:29:15","date_gmt":"2022-03-02T17:29:15","guid":{"rendered":"https:\/\/diarioregionaldigital.com.br\/?p=195596"},"modified":"2022-03-02T14:29:15","modified_gmt":"2022-03-02T17:29:15","slug":"atendimento-a-produtores-rurais-cresce-16-com-novo-programa-da-emater-mg","status":"publish","type":"post","link":"https:\/\/diarioregionaldigital.com.br\/?p=195596","title":{"rendered":"Atendimento a produtores rurais cresce 16% com novo programa da Emater-MG"},"content":{"rendered":"<p><span style=\"font-weight: 400;\">Presta\u00e7\u00e3o de servi\u00e7o qualificada, cada vez mais \u00e1gil, ampla e proativa para os produtores rurais mineiros. Na busca por excel\u00eancia, a Empresa de Assist\u00eancia T\u00e9cnica e Extens\u00e3o Rural do Estado de Minas Gerais (Emater-MG) implementou, no \u00faltimo trimestre de 2021, um novo programa de gest\u00e3o, chamado Pacto por Resultados, que conseguiu saltos importantes nas a\u00e7\u00f5es da empresa, em diversas agendas estrat\u00e9gicas. O n\u00famero de agricultores familiares atendidos cresceu 15,52% entre outubro e dezembro de 2021 na compara\u00e7\u00e3o com o mesmo per\u00edodo de 2020, saltando de 68.641 para 79.297.<\/span><\/p>\n<p>&nbsp;<\/p>\n<p><span style=\"font-weight: 400;\">Entre os demais agricultores, al\u00e9m dos familiares, o crescimento no n\u00famero de atendimentos foi de 10,92%, de 2.345 para 2.601. J\u00e1 para o p\u00fablico urbano, o salto foi de 2.549 para 3.405, ou seja, 33,58%. Para as organiza\u00e7\u00f5es, como cooperativas e associa\u00e7\u00f5es rurais, o incremento no n\u00famero de atendimentos foi de 56,68%, passando de 397 para 622, no mesmo per\u00edodo de compara\u00e7\u00e3o.<\/span><\/p>\n<p>&nbsp;<\/p>\n<p><span style=\"font-weight: 400;\">Somando todas as categorias de produtores atendidos, fora as organiza\u00e7\u00f5es, o total foi de 85.303 entre outubro e dezembro de 2021, frente a 73.535 no mesmo per\u00edodo de 2020, 16% de crescimento. Se considerados os atendimentos com repeti\u00e7\u00e3o, ao todo foram realizados mais de 645.434 atendimentos aos agricultores familiares mineiros, o que representa alta de 417,16% em rela\u00e7\u00e3o ao realizado entre outubro e dezembro de 2020.<\/span><\/p>\n<p>&nbsp;<\/p>\n<p><span style=\"font-weight: 400;\">Para demais agricultores, foram prestados, com repeti\u00e7\u00e3o, 22.498 atendimentos, alta de 403,87% na compara\u00e7\u00e3o com mesmo per\u00edodo de 2020. Para o p\u00fablico urbano, foram 24.445 atendimentos, crescimento de 543,12% em rela\u00e7\u00e3o ao \u00faltimo trimestre de 2020. E o atendimento com repeti\u00e7\u00e3o oferecido \u00e0s organiza\u00e7\u00f5es de produtores rurais saltou para 3.858, alta de 528,12% durante o per\u00edodo de vig\u00eancia do Pacto por Resultados.<\/span><\/p>\n<p>&nbsp;<\/p>\n<p><span style=\"font-weight: 400;\">No balan\u00e7o geral de 2021, a Emater-MG prestou mais de 2,188 milh\u00f5es de atendimentos ao longo do ano, para mais de 300 mil agricultores familiares. Resultado alcan\u00e7ado gra\u00e7as a acelera\u00e7\u00e3o nos atendimentos realizados por for\u00e7a do Pacto por Resultados.<\/span><\/p>\n<p>&nbsp;<\/p>\n<p><span style=\"font-weight: 400;\">O novo programa de gest\u00e3o foi um movimento que envolveu todos os setores da empresa, que tem escrit\u00f3rios locais em mais 800 munic\u00edpios mineiros, al\u00e9m de 32 Unidades Regionais e a Unidade Central, em Belo Horizonte.<\/span><\/p>\n<p>&nbsp;<\/p>\n<p><span style=\"font-weight: 400;\">\u201cFoi um esfor\u00e7o extra proposto pela diretoria executiva, com uma enorme ades\u00e3o por parte dos funcion\u00e1rios, demonstrando o compromisso que os extensionistas t\u00eam com a miss\u00e3o de levar a melhor assist\u00eancia t\u00e9cnica e extens\u00e3o rural ao maior n\u00famero poss\u00edvel de produtores rurais mineiros. N\u00e3o s\u00e3o apenas n\u00fameros, isso representa mais oportunidades no campo, mais tecnologias sendo implementadas, mais acesso ao cr\u00e9dito rural, mais produtores fornecendo alimentos saud\u00e1veis para alimenta\u00e7\u00e3o escolar, novos canais de comercializa\u00e7\u00e3o sendo abertos, ou seja, mais desenvolvimento, renda e qualidade de vida no campo\u201d, ressalta o diretor-presidente da Emater-MG, Ot\u00e1vio Maia.<\/span><\/p>\n<p>&nbsp;<\/p>\n<p><span style=\"font-weight: 400;\">Segundo o diretor-presidente, essa foi uma proposta inicial e como alcan\u00e7ou resultados surpreendentes, a ferramenta de gest\u00e3o ser\u00e1 mantida na empresa, sempre com novas estrat\u00e9gias, em busca da melhoria da qualidade e da amplia\u00e7\u00e3o dos servi\u00e7os de assist\u00eancia t\u00e9cnica e extens\u00e3o rural prestados pela empresa.<\/span><\/p>\n<p>&nbsp;<\/p>\n<p><strong>Agendas estrat\u00e9gicas<\/strong><\/p>\n<p>&nbsp;<\/p>\n<p><span style=\"font-weight: 400;\">O trabalho da Emater-MG \u00e9 estruturado nas chamadas Agendas Estrat\u00e9gicas, que s\u00e3o as a\u00e7\u00f5es direcionadas a setores relevantes da agropecu\u00e1ria mineira. No \u00faltimo trimestre de 2021, com a implementa\u00e7\u00e3o do Pacto por Resultados, houve incremento de atendimentos em todas as Agendas Estrat\u00e9gicas da empresa.<\/span><\/p>\n<p>&nbsp;<\/p>\n<p><span style=\"font-weight: 400;\">Em Agroecologia, por exemplo, a alta foi de 42,34%, com 10.247 produtores atendidos no \u00faltimo trimestre de 2021, somando 18.819 atendimentos com repeti\u00e7\u00e3o. Na agenda de Bovinocultura, a alta na presta\u00e7\u00e3o de servi\u00e7o, entre outubro e dezembro de 2021, na compara\u00e7\u00e3o com o mesmo per\u00edodo de 2020, foi de 16%, com 20.659 produtores atendidos. Se considerados os atendimentos com repeti\u00e7\u00e3o, o crescimento \u00e9 ainda mais expressivo, 34,17%, somando 74.159 atendimentos prestados.<\/span><\/p>\n<p>&nbsp;<\/p>\n<p><span style=\"font-weight: 400;\">Na agenda de Cafeicultura, extremamente relevante para o estado, que \u00e9 o maior produtor do gr\u00e3o no pa\u00eds, a alta foi de 30,31% no total de produtores atendidos, na compara\u00e7\u00e3o do \u00faltimo trimestre de 2021 com o mesmo per\u00edodo de 2020. Somando 12.309 produtores atendidos. Na contagem dos atendimentos com repeti\u00e7\u00e3o, o incremento foi de 65,88%, totalizando 50.476 atendimentos prestados de outubro a dezembro de 2021.<\/span><\/p>\n<p>Fonte: Ag\u00eancia Minas<\/p>\n","protected":false},"excerpt":{"rendered":"<p>Presta\u00e7\u00e3o de servi\u00e7o qualificada, cada vez mais \u00e1gil, ampla e proativa para os produtores rurais mineiros. Na busca por excel\u00eancia, a Empresa de Assist\u00eancia T\u00e9cnica e Extens\u00e3o Rural do Estado de Minas Gerais (Emater-MG) implementou, no \u00faltimo trimestre de 2021, um novo programa de gest\u00e3o, chamado Pacto por Resultados, que conseguiu saltos importantes nas a\u00e7\u00f5es [&hellip;]<\/p>\n","protected":false},"author":246,"featured_media":195597,"comment_status":"closed","ping_status":"closed","sticky":false,"template":"","format":"standard","meta":{"footnotes":""},"categories":[436,254,439],"tags":[],"class_list":["post-195596","post","type-post","status-publish","format-standard","has-post-thumbnail","hentry","category-destaque-da-semana","category-politica","category-ultima-hora"],"_links":{"self":[{"href":"https:\/\/diarioregionaldigital.com.br\/index.php?rest_route=\/wp\/v2\/posts\/195596","targetHints":{"allow":["GET"]}}],"collection":[{"href":"https:\/\/diarioregionaldigital.com.br\/index.php?rest_route=\/wp\/v2\/posts"}],"about":[{"href":"https:\/\/diarioregionaldigital.com.br\/index.php?rest_route=\/wp\/v2\/types\/post"}],"author":[{"embeddable":true,"href":"https:\/\/diarioregionaldigital.com.br\/index.php?rest_route=\/wp\/v2\/users\/246"}],"replies":[{"embeddable":true,"href":"https:\/\/diarioregionaldigital.com.br\/index.php?rest_route=%2Fwp%2Fv2%2Fcomments&post=195596"}],"version-history":[{"count":1,"href":"https:\/\/diarioregionaldigital.com.br\/index.php?rest_route=\/wp\/v2\/posts\/195596\/revisions"}],"predecessor-version":[{"id":195598,"href":"https:\/\/diarioregionaldigital.com.br\/index.php?rest_route=\/wp\/v2\/posts\/195596\/revisions\/195598"}],"wp:featuredmedia":[{"embeddable":true,"href":"https:\/\/diarioregionaldigital.com.br\/index.php?rest_route=\/wp\/v2\/media\/195597"}],"wp:attachment":[{"href":"https:\/\/diarioregionaldigital.com.br\/index.php?rest_route=%2Fwp%2Fv2%2Fmedia&parent=195596"}],"wp:term":[{"taxonomy":"category","embeddable":true,"href":"https:\/\/diarioregionaldigital.com.br\/index.php?rest_route=%2Fwp%2Fv2%2Fcategories&post=195596"},{"taxonomy":"post_tag","embeddable":true,"href":"https:\/\/diarioregionaldigital.com.br\/index.php?rest_route=%2Fwp%2Fv2%2Ftags&post=195596"}],"curies":[{"name":"wp","href":"https:\/\/api.w.org\/{rel}","templated":true}]}}