{"id":195593,"date":"2022-03-02T14:27:47","date_gmt":"2022-03-02T17:27:47","guid":{"rendered":"https:\/\/diarioregionaldigital.com.br\/?p=195593"},"modified":"2022-03-02T14:27:47","modified_gmt":"2022-03-02T17:27:47","slug":"numero-de-startups-em-minas-gerais-cresce-242-nos-ultimos-sete-anos","status":"publish","type":"post","link":"https:\/\/diarioregionaldigital.com.br\/?p=195593","title":{"rendered":"N\u00famero de startups em Minas Gerais cresce 242% nos \u00faltimos sete anos"},"content":{"rendered":"<p>Minas Gerais tem se consolidado como um ambiente de est\u00edmulo e desenvolvimento de startups. De acordo com dados do mapeamento da Associa\u00e7\u00e3o Brasileira de Startups (Abstartups), o estado \u00e9 o terceiro do pa\u00eds com a maior concentra\u00e7\u00e3o deste tipo de empresa. Ao todo, Minas concentra 9,5% das startups do pa\u00eds, ficando atr\u00e1s de S\u00e3o Paulo (32,5%) e Santa Catarina (12,6%).<\/p>\n<p>Segundo a\u00a0<a href=\"http:\/\/www.desenvolvimento.mg.gov.br\/\" target=\"_blank\" rel=\"noopener\">Secretaria de Estado de Desenvolvimento Econ\u00f4mico de Minas Gerais (Sede)<\/a>, o n\u00famero de startups tamb\u00e9m est\u00e1 em ritmo de crescimento no estado, saltando de 365 empresas registradas em 2015 para cerca de 1.250 em 2022, aumento de 242%. H\u00e1 tamb\u00e9m a amplia\u00e7\u00e3o de polos de startups em Minas, como Belo Horizonte, Uberl\u00e2ndia, Uberaba e Juiz de Fora.<\/p>\n<p>De acordo com o superintendente de Inova\u00e7\u00e3o da Sede, Pedro Emboava, Minas atua para incentivar o crescimento dessas empresas, buscando qualifica\u00e7\u00e3o, gera\u00e7\u00e3o de emprego e renda.<\/p>\n<p>\u201cO que observamos nessa pandemia \u00e9 que micro e pequenos empreendedores buscaram conex\u00e3o com as novas tecnologias, muitas desenvolvidas por startups. No futuro n\u00e3o muito distante, com o avan\u00e7ar das inova\u00e7\u00f5es, muitos dos empregos manuais operacionais ser\u00e3o substitu\u00eddos por tecnologias. Portanto, ter essas empresas em Minas \u00e9 fundamental para que o estado se mantenha competitivo a m\u00e9dio e longo prazo. Estamos criando empregos agora que v\u00e3o continuar existindo daqui a 10 ou 40 anos\u201d, explica.<\/p>\n<p>Ainda segundo Emboava, fomentar o crescimento de startups tamb\u00e9m auxilia no surgimento e na capta\u00e7\u00e3o de talentos no estado. \u201c\u00c9 uma \u00e1rea que gera empregos que exigem qualifica\u00e7\u00e3o. Hoje, grande parte da m\u00e3o de obra acaba saindo de Minas. Portanto, ter esse nicho aqui facilita para que possamos reter a m\u00e3o de obra e os talentos mineiros. Al\u00e9m disso, como vimos na pandemia, houve um decl\u00ednio grande em v\u00e1rios setores e a tecnologia foi menos afetada, se mostrando resiliente a esses momentos de volatilidade econ\u00f4mica\u201d, diz.<\/p>\n<p><strong>A\u00e7\u00f5es de incentivo<\/strong><\/p>\n<p>Minas Gerais conta com programas de incentivo a startups. Um deles \u00e9 o\u00a0<a href=\"http:\/\/www.seed.mg.gov.br\/\" target=\"_blank\" rel=\"noopener\">Startups and Entrepreneurship Ecosystem Development (Seed)<\/a>, que apoia empresas de tecnologia com rodadas anuais de investimento.<\/p>\n<p>\u201cNa atual edi\u00e7\u00e3o, tivemos oportunidade de abrir um novo mercado para startups, que \u00e9 o setor p\u00fablico. Levamos 37 desafios de secretarias e \u00f3rg\u00e3os diversos para que startups pudessem se inscrever a ajudar na solu\u00e7\u00e3o de pol\u00edticas p\u00fablicas do Estado. Ao todo, 59 startups participaram e 47 atuaram em 31 desafios e tiveram solu\u00e7\u00f5es aprovadas. Durante os seis meses de acelera\u00e7\u00e3o, essas empresas faturaram R$ 14,8 milh\u00f5es, empregaram mais de 400 pessoas e captaram mais de R$ 11 milh\u00f5es fora do programa. Isso mostra o resultado e o benef\u00edcio do programa\u201d, explica o superintendente.<\/p>\n<p>Desde o in\u00edcio do projeto, at\u00e9 a \u00faltima rodada realizada em 2021, mais de 180 startups j\u00e1 haviam participado do programa. Somente em 2019, antes da pandemia, R$ 80 milh\u00f5es foram movimentados, mais de 2.000 empregos gerados e R$ 58 milh\u00f5es em investimentos foram captados.<\/p>\n<p>Outras iniciativas tamb\u00e9m existem em Minas para incentivar o setor, como o Tecpop Minas, que busca qualifica\u00e7\u00e3o de m\u00e3o de obra para suprir o d\u00e9ficit de desenvolvedores e programadores no estado. Cerca de 100 munic\u00edpios com baixo \u00cdndice de Desenvolvimento Humano Municipal (IDHM) foram selecionados pelo programa\u00a0\u00a0e receberam 20 notebooks e aparelhos de wi-fi, al\u00e9m de treinamento para que os servidores dos munic\u00edpios tenham a capacidade de facilitar o acesso ao Tecpop e ajudar na inclus\u00e3o digital.<\/p>\n<p>Existe tamb\u00e9m o projeto Viv\u00eancia Universit\u00e1ria em Empreendedorismo e Inova\u00e7\u00e3o (Vuei), que busca apoiar o desenvolvimento dos ecossistemas de inova\u00e7\u00e3o e empreendedorismo nas Institui\u00e7\u00f5es de Ensino Superior (IES) do estado de Minas Gerais. O objetivo do programa \u00e9 promover a aproxima\u00e7\u00e3o entre o mercado e a academia, estimulando a cria\u00e7\u00e3o de projetos e neg\u00f3cios inovadores que envolvam ci\u00eancia e tecnologia dentro das institui\u00e7\u00f5es de ensino.<\/p>\n<p>A Sede tamb\u00e9m mant\u00e9m o\u00a0<a href=\"http:\/\/www.desenvolvimento.mg.gov.br\/application\/projetos\/projeto\/1071\" target=\"_blank\" rel=\"noopener\">Hub MG<\/a>, uma iniciativa que apoia as m\u00e9dias e grandes empresas no processo de inova\u00e7\u00e3o. \u00c9 um local onde empresas tradicionais apresentam desafios e abrem espa\u00e7o para que solu\u00e7\u00f5es tecnol\u00f3gicas sejam apresentadas por startups. Ou seja, abre o mercado para as startups, facilitando o contato entre essas empresas e melhorando o ambiente de neg\u00f3cios.<\/p>\n<p>J\u00e1 o Hub MG Gov busca fazer o mesmo trabalho para dentro do setor p\u00fablico, apoiando \u00f3rg\u00e3os p\u00fablicos na utiliza\u00e7\u00e3o dessa legisla\u00e7\u00e3o. Abrindo portas e criando seguran\u00e7a jur\u00eddica para fazer esse processo com startups dentro do Estado.<\/p>\n<p>Por fim, o\u00a0<a href=\"http:\/\/www.simi.org.br\/\" target=\"_blank\" rel=\"noopener\">Sistema Mineiro de Inova\u00e7\u00e3o (Simi)<\/a>\u00a0tamb\u00e9m conta com uma s\u00e9rie de dados sobre startups de MG. \u201cVale ressaltar que, em 2013, o Simi contava com tr\u00eas apoiadores, hoje s\u00e3o mais de 70 empresas que apoiam essas startups. Vimos um desenvolvimento muito grande dessas iniciativas em Minas. O Simi \u00e9 um espa\u00e7o vitrine sobre o que est\u00e1 acontecendo em tecnologia e inova\u00e7\u00e3o no estado\u201d, finaliza Pedro.<\/p>\n<p><strong>Legisla\u00e7\u00e3o<\/strong><\/p>\n<p>Em janeiro de 2021, o governador Romeu Zema sancionou a Lei N\u00ba 23.793, que disp\u00f5e sobre a ado\u00e7\u00e3o de medidas de est\u00edmulo ao desenvolvimento de startups no estado de Minas Gerais. A medida tem como finalidade promover a inova\u00e7\u00e3o dos m\u00e9todos de neg\u00f3cio e produ\u00e7\u00e3o, aumentar a produtividade e a competitividade, al\u00e9m de fomentar a modernidade tecnol\u00f3gica, econ\u00f4mica e social no estado.<\/p>\n<p>Desde ent\u00e3o, startups, cooperativas ou associa\u00e7\u00f5es que atendam \u00e0s condi\u00e7\u00f5es previstas na Lei podem estabelecer rela\u00e7\u00f5es contratuais com a administra\u00e7\u00e3o p\u00fablica por meio de editais p\u00fablicos e instrumentos do mesmo g\u00eanero, por exemplo.<\/p>\n<p>Fonte: Ag\u00eancia Minas<\/p>\n","protected":false},"excerpt":{"rendered":"<p>Minas Gerais tem se consolidado como um ambiente de est\u00edmulo e desenvolvimento de startups. De acordo com dados do mapeamento da Associa\u00e7\u00e3o Brasileira de Startups (Abstartups), o estado \u00e9 o terceiro do pa\u00eds com a maior concentra\u00e7\u00e3o deste tipo de empresa. Ao todo, Minas concentra 9,5% das startups do pa\u00eds, ficando atr\u00e1s de S\u00e3o Paulo [&hellip;]<\/p>\n","protected":false},"author":246,"featured_media":195594,"comment_status":"closed","ping_status":"closed","sticky":false,"template":"","format":"standard","meta":{"footnotes":""},"categories":[436,254,439],"tags":[],"class_list":["post-195593","post","type-post","status-publish","format-standard","has-post-thumbnail","hentry","category-destaque-da-semana","category-politica","category-ultima-hora"],"_links":{"self":[{"href":"https:\/\/diarioregionaldigital.com.br\/index.php?rest_route=\/wp\/v2\/posts\/195593","targetHints":{"allow":["GET"]}}],"collection":[{"href":"https:\/\/diarioregionaldigital.com.br\/index.php?rest_route=\/wp\/v2\/posts"}],"about":[{"href":"https:\/\/diarioregionaldigital.com.br\/index.php?rest_route=\/wp\/v2\/types\/post"}],"author":[{"embeddable":true,"href":"https:\/\/diarioregionaldigital.com.br\/index.php?rest_route=\/wp\/v2\/users\/246"}],"replies":[{"embeddable":true,"href":"https:\/\/diarioregionaldigital.com.br\/index.php?rest_route=%2Fwp%2Fv2%2Fcomments&post=195593"}],"version-history":[{"count":1,"href":"https:\/\/diarioregionaldigital.com.br\/index.php?rest_route=\/wp\/v2\/posts\/195593\/revisions"}],"predecessor-version":[{"id":195595,"href":"https:\/\/diarioregionaldigital.com.br\/index.php?rest_route=\/wp\/v2\/posts\/195593\/revisions\/195595"}],"wp:featuredmedia":[{"embeddable":true,"href":"https:\/\/diarioregionaldigital.com.br\/index.php?rest_route=\/wp\/v2\/media\/195594"}],"wp:attachment":[{"href":"https:\/\/diarioregionaldigital.com.br\/index.php?rest_route=%2Fwp%2Fv2%2Fmedia&parent=195593"}],"wp:term":[{"taxonomy":"category","embeddable":true,"href":"https:\/\/diarioregionaldigital.com.br\/index.php?rest_route=%2Fwp%2Fv2%2Fcategories&post=195593"},{"taxonomy":"post_tag","embeddable":true,"href":"https:\/\/diarioregionaldigital.com.br\/index.php?rest_route=%2Fwp%2Fv2%2Ftags&post=195593"}],"curies":[{"name":"wp","href":"https:\/\/api.w.org\/{rel}","templated":true}]}}