{"id":195587,"date":"2022-03-02T14:25:08","date_gmt":"2022-03-02T17:25:08","guid":{"rendered":"https:\/\/diarioregionaldigital.com.br\/?p=195587"},"modified":"2022-03-02T14:25:08","modified_gmt":"2022-03-02T17:25:08","slug":"governo-repassa-r-40-mi-para-combate-ao-mosquito-da-dengue-nos-municipios","status":"publish","type":"post","link":"https:\/\/diarioregionaldigital.com.br\/?p=195587","title":{"rendered":"Governo repassa R$ 40 mi para combate ao mosquito da dengue nos munic\u00edpios"},"content":{"rendered":"<p>As a\u00e7\u00f5es do\u00a0<a href=\"https:\/\/www.mg.gov.br\/\" target=\"_blank\" rel=\"noopener\">Governo de Minas<\/a>\u00a0para o controle das arboviroses, doen\u00e7as transmitidas pelo Aedes aegypti &#8211; como dengue, zika e chikungunya -, envolvem diversos eixos de atua\u00e7\u00e3o, que v\u00e3o desde a preven\u00e7\u00e3o at\u00e9 a assist\u00eancia aos pacientes nos servi\u00e7os de sa\u00fade.<\/p>\n<p>Para fomentar estrat\u00e9gias dos munic\u00edpios que visam evitar a prolifera\u00e7\u00e3o do mosquito e qualificar as redes de atendimento, a\u00a0<a href=\"https:\/\/www.saude.mg.gov.br\/\" target=\"_blank\" rel=\"noopener\">Secretaria de Estado de Sa\u00fade (SES-MG)<\/a>\u00a0j\u00e1 repassou R$ 40 milh\u00f5es aos Fundos Municipais de Sa\u00fade visando o\u00a0per\u00edodo sazonal deste ano. A SES-MG tamb\u00e9m realizou pagamentos de outros R$ 80 milh\u00f5es para regulariza\u00e7\u00e3o de d\u00edvida contemplada no acordo do Governo de Minas junto \u00e0 Associa\u00e7\u00e3o Mineira de Munic\u00edpios (AMM).<\/p>\n<p>\u201cOs incentivos financeiros s\u00e3o muito importantes para que os munic\u00edpios possam desenvolver estrat\u00e9gias, em n\u00edvel local, tanto em rela\u00e7\u00e3o \u00e0 preven\u00e7\u00e3o e elimina\u00e7\u00e3o de poss\u00edveis criadouros do Aedes, quanto promover a\u00e7\u00f5es de mobiliza\u00e7\u00e3o social e estrutura\u00e7\u00e3o da rede de atendimento\u201d, explica a diretora de Vigil\u00e2ncia de Agravos Transmiss\u00edveis, Marcela Lencine Ferraz.<\/p>\n<p>Os valores destinados a cada um dos munic\u00edpios est\u00e3o relacionados na\u00a0<a href=\"https:\/\/www.saude.mg.gov.br\/images\/documentos\/RESOLU%C3%87%C3%83O%20SES%207733%20-%20CIB.pdf\" target=\"_blank\" rel=\"noopener\">Resolu\u00e7\u00e3o SES-MG 7.733\/2021<\/a>.<\/p>\n<p>Segundo a diretora, a SES-MG tem atuado ainda em outras frentes de apoio, como no envio de agentes da For\u00e7a Estadual para apoiar a\u00e7\u00f5es de controle vetorial, distribui\u00e7\u00e3o de inseticidas e suporte\u00a0na investiga\u00e7\u00e3o de casos. \u201cS\u00e3o a\u00e7\u00f5es cont\u00ednuas, que s\u00e3o realizadas durante o ano todo\u201d, afirma.<\/p>\n<p>Com o intuito de fortalecer e sensibilizar os profissionais de sa\u00fade, como m\u00e9dicos, enfermeiros e t\u00e9cnicos de enfermagem no manejo cl\u00ednico do paciente, qualifica\u00e7\u00f5es virtuais s\u00e3o disponibilizadas.<\/p>\n<p>\u201cA SES-MG\u00a0tamb\u00e9m realiza an\u00e1lises sistem\u00e1ticas dos bancos oficiais de notifica\u00e7\u00e3o e acompanhamento de indicadores de transmiss\u00e3o nos diferentes munic\u00edpios do territ\u00f3rio mineiro, e com avalia\u00e7\u00e3o de cen\u00e1rio de risco constante junto ao Comit\u00ea de Enfrentamento das Arboviroses e Comit\u00eas Regionais de Enfrentamento as Arboviroses\u201d, aponta.<\/p>\n<p><strong>Cen\u00e1rio epidemiol\u00f3gico<\/strong><\/p>\n<p>Segundo o \u00faltimo Boletim de Monitoramento de Arboviroses, com atualiza\u00e7\u00e3o referente a 22\/2, Minas Gerais registrou 6.298 casos prov\u00e1veis (casos notificados, exceto os descartados) de dengue. Desse total, 1.940 casos foram confirmados para a doen\u00e7a. Um \u00f3bito foi confirmado pela doen\u00e7a em Minas Gerais, e dois \u00f3bitos s\u00e3o investigados, at\u00e9 o momento.<\/p>\n<p>Em rela\u00e7\u00e3o \u00e0 febre chikungunya, foram registrados 401 casos prov\u00e1veis da doen\u00e7a, dos quais 37 confirmados. At\u00e9 ent\u00e3o, n\u00e3o h\u00e1 nenhum caso de \u00f3bito confirmado, ou mesmo investigado, por chikungunya em Minas. Quanto ao v\u00edrus zika, foram registrados 12 casos prov\u00e1veis, sendo dois confirmados para a doen\u00e7a. Tamb\u00e9m n\u00e3o h\u00e1 \u00f3bitos por zika em Minas Gerais at\u00e9 o momento.<\/p>\n<p>Segundo Marcela Lencine Ferraz, os n\u00fameros ainda n\u00e3o indicam um ano epid\u00eamico, mas exige aten\u00e7\u00e3o em rela\u00e7\u00e3o \u00e0 dengue, zika e chikungunya. \u201cN\u00f3s temos percebido um aumento de casos, n\u00e3o no territ\u00f3rio estadual como um todo, mas em alguns pontos. \u00c9 preciso manter, ent\u00e3o, os cuidados para eliminar os focos do mosquito. A ado\u00e7\u00e3o de algumas medidas preventivas de cunho individual, como uso de repelentes, tamb\u00e9m \u00e9 relevante para que possamos evitar a transmiss\u00e3o dessas doen\u00e7as\u201d.<\/p>\n<p>Fonte: Ag\u00eancia Minas<\/p>\n","protected":false},"excerpt":{"rendered":"<p>As a\u00e7\u00f5es do\u00a0Governo de Minas\u00a0para o controle das arboviroses, doen\u00e7as transmitidas pelo Aedes aegypti &#8211; como dengue, zika e chikungunya -, envolvem diversos eixos de atua\u00e7\u00e3o, que v\u00e3o desde a preven\u00e7\u00e3o at\u00e9 a assist\u00eancia aos pacientes nos servi\u00e7os de sa\u00fade. Para fomentar estrat\u00e9gias dos munic\u00edpios que visam evitar a prolifera\u00e7\u00e3o do mosquito e qualificar as [&hellip;]<\/p>\n","protected":false},"author":246,"featured_media":195588,"comment_status":"closed","ping_status":"closed","sticky":false,"template":"","format":"standard","meta":{"footnotes":""},"categories":[436,440,254,439],"tags":[],"class_list":["post-195587","post","type-post","status-publish","format-standard","has-post-thumbnail","hentry","category-destaque-da-semana","category-destaques-do-dia","category-politica","category-ultima-hora"],"_links":{"self":[{"href":"https:\/\/diarioregionaldigital.com.br\/index.php?rest_route=\/wp\/v2\/posts\/195587","targetHints":{"allow":["GET"]}}],"collection":[{"href":"https:\/\/diarioregionaldigital.com.br\/index.php?rest_route=\/wp\/v2\/posts"}],"about":[{"href":"https:\/\/diarioregionaldigital.com.br\/index.php?rest_route=\/wp\/v2\/types\/post"}],"author":[{"embeddable":true,"href":"https:\/\/diarioregionaldigital.com.br\/index.php?rest_route=\/wp\/v2\/users\/246"}],"replies":[{"embeddable":true,"href":"https:\/\/diarioregionaldigital.com.br\/index.php?rest_route=%2Fwp%2Fv2%2Fcomments&post=195587"}],"version-history":[{"count":1,"href":"https:\/\/diarioregionaldigital.com.br\/index.php?rest_route=\/wp\/v2\/posts\/195587\/revisions"}],"predecessor-version":[{"id":195589,"href":"https:\/\/diarioregionaldigital.com.br\/index.php?rest_route=\/wp\/v2\/posts\/195587\/revisions\/195589"}],"wp:featuredmedia":[{"embeddable":true,"href":"https:\/\/diarioregionaldigital.com.br\/index.php?rest_route=\/wp\/v2\/media\/195588"}],"wp:attachment":[{"href":"https:\/\/diarioregionaldigital.com.br\/index.php?rest_route=%2Fwp%2Fv2%2Fmedia&parent=195587"}],"wp:term":[{"taxonomy":"category","embeddable":true,"href":"https:\/\/diarioregionaldigital.com.br\/index.php?rest_route=%2Fwp%2Fv2%2Fcategories&post=195587"},{"taxonomy":"post_tag","embeddable":true,"href":"https:\/\/diarioregionaldigital.com.br\/index.php?rest_route=%2Fwp%2Fv2%2Ftags&post=195587"}],"curies":[{"name":"wp","href":"https:\/\/api.w.org\/{rel}","templated":true}]}}