{"id":195584,"date":"2022-03-02T14:18:17","date_gmt":"2022-03-02T17:18:17","guid":{"rendered":"https:\/\/diarioregionaldigital.com.br\/?p=195584"},"modified":"2022-03-02T14:18:17","modified_gmt":"2022-03-02T17:18:17","slug":"contas-de-luz-continuam-com-valor-extra","status":"publish","type":"post","link":"https:\/\/diarioregionaldigital.com.br\/?p=195584","title":{"rendered":"Contas de luz continuam com valor extra"},"content":{"rendered":"<p>Os consumidores que recebem o benef\u00edcio da Tarifa Social de Energia El\u00e9trica\u00a0ter\u00e3o bandeira verde em mar\u00e7o. Com isso, n\u00e3o haver\u00e1 acr\u00e9scimo na conta de luz dos benefici\u00e1rios. A decis\u00e3o foi anunciada\u00a0hoje\u00a0(25) pela Ag\u00eancia Nacional de Energia El\u00e9trica (Aneel). Para os demais usu\u00e1rios, no entanto, continua vigente a bandeira Escassez H\u00eddrica, no valor de R$ 14,20 a cada 100 kWh consumidos.<img decoding=\"async\" src=\"https:\/\/agenciabrasil.ebc.com.br\/ebc.png?id=1445159&amp;o=node\" \/><img decoding=\"async\" src=\"https:\/\/agenciabrasil.ebc.com.br\/ebc.gif?id=1445159&amp;o=node\" \/><\/p>\n<p>Segundo o governo, esse valor extra foi necess\u00e1rio para cobrir os custos de energia, que ficaram mais caros em decorr\u00eancia do enfrentamento do per\u00edodo de escassez de recursos h\u00eddricos, em 2021, o pior em 91 anos. A bandeira Escassez H\u00eddrica segue em vigor at\u00e9 abril de 2022.<\/p>\n<p>O ministro de Minas e Energia, Bento Albuquerque, acredita que a partir\u00a0de abril\u00a0a bandeira de Escassez H\u00eddrica deixar\u00e1 de ser aplicada. \u201cAcreditamos que [a bandeira Escassez H\u00eddrica] n\u00e3o ser\u00e1 necess\u00e1ria a partir\u00a0de abril. [Ela] foi utilizada para pagar o custo adicional de gera\u00e7\u00e3o de energia. Como n\u00f3s n\u00e3o t\u00ednhamos \u00e1gua para gerar as nossas usinas hidrel\u00e9tricas, tivemos que contratar energia no exterior, da Argentina, do Uruguai, e tivemos que usar nossas usinas termel\u00e9tricas, que s\u00e3o mais caras, por conta do petr\u00f3leo, do \u00f3leo, por conta do g\u00e1s\u201d.<\/p>\n<p>Fonte: Ag\u00eancia Brasil<\/p>\n","protected":false},"excerpt":{"rendered":"<p>Os consumidores que recebem o benef\u00edcio da Tarifa Social de Energia El\u00e9trica\u00a0ter\u00e3o bandeira verde em mar\u00e7o. Com isso, n\u00e3o haver\u00e1 acr\u00e9scimo na conta de luz dos benefici\u00e1rios. A decis\u00e3o foi anunciada\u00a0hoje\u00a0(25) pela Ag\u00eancia Nacional de Energia El\u00e9trica (Aneel). Para os demais usu\u00e1rios, no entanto, continua vigente a bandeira Escassez H\u00eddrica, no valor de R$ 14,20 [&hellip;]<\/p>\n","protected":false},"author":246,"featured_media":195585,"comment_status":"closed","ping_status":"closed","sticky":false,"template":"","format":"standard","meta":{"footnotes":""},"categories":[436,261,439],"tags":[],"class_list":["post-195584","post","type-post","status-publish","format-standard","has-post-thumbnail","hentry","category-destaque-da-semana","category-economia","category-ultima-hora"],"_links":{"self":[{"href":"https:\/\/diarioregionaldigital.com.br\/index.php?rest_route=\/wp\/v2\/posts\/195584","targetHints":{"allow":["GET"]}}],"collection":[{"href":"https:\/\/diarioregionaldigital.com.br\/index.php?rest_route=\/wp\/v2\/posts"}],"about":[{"href":"https:\/\/diarioregionaldigital.com.br\/index.php?rest_route=\/wp\/v2\/types\/post"}],"author":[{"embeddable":true,"href":"https:\/\/diarioregionaldigital.com.br\/index.php?rest_route=\/wp\/v2\/users\/246"}],"replies":[{"embeddable":true,"href":"https:\/\/diarioregionaldigital.com.br\/index.php?rest_route=%2Fwp%2Fv2%2Fcomments&post=195584"}],"version-history":[{"count":1,"href":"https:\/\/diarioregionaldigital.com.br\/index.php?rest_route=\/wp\/v2\/posts\/195584\/revisions"}],"predecessor-version":[{"id":195586,"href":"https:\/\/diarioregionaldigital.com.br\/index.php?rest_route=\/wp\/v2\/posts\/195584\/revisions\/195586"}],"wp:featuredmedia":[{"embeddable":true,"href":"https:\/\/diarioregionaldigital.com.br\/index.php?rest_route=\/wp\/v2\/media\/195585"}],"wp:attachment":[{"href":"https:\/\/diarioregionaldigital.com.br\/index.php?rest_route=%2Fwp%2Fv2%2Fmedia&parent=195584"}],"wp:term":[{"taxonomy":"category","embeddable":true,"href":"https:\/\/diarioregionaldigital.com.br\/index.php?rest_route=%2Fwp%2Fv2%2Fcategories&post=195584"},{"taxonomy":"post_tag","embeddable":true,"href":"https:\/\/diarioregionaldigital.com.br\/index.php?rest_route=%2Fwp%2Fv2%2Ftags&post=195584"}],"curies":[{"name":"wp","href":"https:\/\/api.w.org\/{rel}","templated":true}]}}