{"id":195581,"date":"2022-03-02T14:17:05","date_gmt":"2022-03-02T17:17:05","guid":{"rendered":"https:\/\/diarioregionaldigital.com.br\/?p=195581"},"modified":"2022-03-02T14:17:05","modified_gmt":"2022-03-02T17:17:05","slug":"empresas-de-petropolis-ganharao-tres-meses-para-entregarem-declaracoes","status":"publish","type":"post","link":"https:\/\/diarioregionaldigital.com.br\/?p=195581","title":{"rendered":"Empresas de Petr\u00f3polis ganhar\u00e3o tr\u00eas meses para entregarem declara\u00e7\u00f5es"},"content":{"rendered":"<p>As empresas de Petr\u00f3polis, no Rio de Janeiro, ganharam mais tr\u00eas meses para entregarem \u00e0 Receita Federal declara\u00e7\u00f5es de obriga\u00e7\u00f5es acess\u00f3rias previstas para fevereiro e mar\u00e7o, informou o Fisco. A medida faz parte de um pacote de medidas de apoio aos cidad\u00e3os afetados pela enchente da semana passada.<img decoding=\"async\" src=\"https:\/\/agenciabrasil.ebc.com.br\/ebc.png?id=1445174&amp;o=node\" \/><img decoding=\"async\" src=\"https:\/\/agenciabrasil.ebc.com.br\/ebc.gif?id=1445174&amp;o=node\" \/><\/p>\n<p>A medida vale para documentos como a Declara\u00e7\u00e3o de Imposto de Renda Retido na Fonte (Dirf), a Declara\u00e7\u00e3o de Servi\u00e7os M\u00e9dicos e de Sa\u00fade (DMED), a Declara\u00e7\u00e3o de Informa\u00e7\u00f5es sobre Atividades Imobili\u00e1rias e a declara\u00e7\u00e3o e-Financeira. O prazo de envio venceria na segunda-feira (28).<\/p>\n<p>As declara\u00e7\u00f5es de fevereiro dever\u00e3o ser entregues at\u00e9 o \u00faltimo dia \u00fatil de maio. As declara\u00e7\u00f5es de mar\u00e7o, at\u00e9 o \u00faltimo dia \u00fatil de junho.<\/p>\n<p>Essa n\u00e3o \u00e9 a primeira medida tribut\u00e1ria de socorro aos contribuintes de Petr\u00f3polis. No \u00faltimo dia 18, a Receita Federal prorrogou em seis meses as datas de vencimento do Simples Nacional, regime especial para micro e pequenas empresas. As guias com vencimento em 21 de fevereiro, 21 de mar\u00e7o e 20 de abril passaram para 31 de agosto, 30 de setembro e 31 de outubro, respectivamente.<\/p>\n<p>O Fisco tamb\u00e9m havia prorrogado as datas de pagamento de tributos federais, inclusive d\u00e9bitos parcelados com a Receita, que venceriam em fevereiro e mar\u00e7o para 31 de maio. O prazo para a abertura de processos administrativos contra contribuintes de Petr\u00f3polis foi suspenso at\u00e9 o fim de maio.<\/p>\n<p>Fonte: Ag\u00eancia Brasil<\/p>\n","protected":false},"excerpt":{"rendered":"<p>As empresas de Petr\u00f3polis, no Rio de Janeiro, ganharam mais tr\u00eas meses para entregarem \u00e0 Receita Federal declara\u00e7\u00f5es de obriga\u00e7\u00f5es acess\u00f3rias previstas para fevereiro e mar\u00e7o, informou o Fisco. A medida faz parte de um pacote de medidas de apoio aos cidad\u00e3os afetados pela enchente da semana passada. A medida vale para documentos como a [&hellip;]<\/p>\n","protected":false},"author":246,"featured_media":195582,"comment_status":"closed","ping_status":"closed","sticky":false,"template":"","format":"standard","meta":{"footnotes":""},"categories":[436,261,439],"tags":[],"class_list":["post-195581","post","type-post","status-publish","format-standard","has-post-thumbnail","hentry","category-destaque-da-semana","category-economia","category-ultima-hora"],"_links":{"self":[{"href":"https:\/\/diarioregionaldigital.com.br\/index.php?rest_route=\/wp\/v2\/posts\/195581","targetHints":{"allow":["GET"]}}],"collection":[{"href":"https:\/\/diarioregionaldigital.com.br\/index.php?rest_route=\/wp\/v2\/posts"}],"about":[{"href":"https:\/\/diarioregionaldigital.com.br\/index.php?rest_route=\/wp\/v2\/types\/post"}],"author":[{"embeddable":true,"href":"https:\/\/diarioregionaldigital.com.br\/index.php?rest_route=\/wp\/v2\/users\/246"}],"replies":[{"embeddable":true,"href":"https:\/\/diarioregionaldigital.com.br\/index.php?rest_route=%2Fwp%2Fv2%2Fcomments&post=195581"}],"version-history":[{"count":1,"href":"https:\/\/diarioregionaldigital.com.br\/index.php?rest_route=\/wp\/v2\/posts\/195581\/revisions"}],"predecessor-version":[{"id":195583,"href":"https:\/\/diarioregionaldigital.com.br\/index.php?rest_route=\/wp\/v2\/posts\/195581\/revisions\/195583"}],"wp:featuredmedia":[{"embeddable":true,"href":"https:\/\/diarioregionaldigital.com.br\/index.php?rest_route=\/wp\/v2\/media\/195582"}],"wp:attachment":[{"href":"https:\/\/diarioregionaldigital.com.br\/index.php?rest_route=%2Fwp%2Fv2%2Fmedia&parent=195581"}],"wp:term":[{"taxonomy":"category","embeddable":true,"href":"https:\/\/diarioregionaldigital.com.br\/index.php?rest_route=%2Fwp%2Fv2%2Fcategories&post=195581"},{"taxonomy":"post_tag","embeddable":true,"href":"https:\/\/diarioregionaldigital.com.br\/index.php?rest_route=%2Fwp%2Fv2%2Ftags&post=195581"}],"curies":[{"name":"wp","href":"https:\/\/api.w.org\/{rel}","templated":true}]}}