{"id":195561,"date":"2022-02-25T14:22:21","date_gmt":"2022-02-25T17:22:21","guid":{"rendered":"https:\/\/diarioregionaldigital.com.br\/?p=195561"},"modified":"2022-02-25T14:22:21","modified_gmt":"2022-02-25T17:22:21","slug":"cesama-remodela-330-metros-de-redes-de-esgoto-no-bairro-santa-terezinha","status":"publish","type":"post","link":"https:\/\/diarioregionaldigital.com.br\/?p=195561","title":{"rendered":"Cesama remodela 330 metros de redes de esgoto no bairro Santa Terezinha"},"content":{"rendered":"<p>Segundo informa\u00e7\u00f5es do site da Prefeitura de Juiz de Fora,\u00a0 a Companhia de Saneamento Municipal (Cesama) da Prefeitura de Juiz de Fora (PJF) d\u00e1 continuidade aos servi\u00e7os de remodela\u00e7\u00e3o de 330 metros da rede de esgoto da rua Ouro Preto, no Bairro Santa Terezinha. A via est\u00e1 recebendo uma nova tubula\u00e7\u00e3o de PVC ocre, com 200 mil\u00edmetros de di\u00e2metro, substituindo as antigas manilhas de barro que atendiam a regi\u00e3o. A previs\u00e3o \u00e9 de que a obra seja conclu\u00edda at\u00e9 o in\u00edcio do m\u00eas de mar\u00e7o.<\/p>\n<p>Os servi\u00e7os est\u00e3o focados na esquina com a rua Tupi, at\u00e9 o final da rua Ouro Preto, incluindo o trecho at\u00e9 a Escola Estadual Sebasti\u00e3o Patrus de Souza. Para execu\u00e7\u00e3o dos trabalhos, o tr\u00e2nsito na via est\u00e1 totalmente interditado, de segunda a sexta-feira, das 7h30 \u00e0s 17h. Assim, a Cesama pede aos moradores que, se poss\u00edvel, retirem seus ve\u00edculos da via antes do in\u00edcio dos trabalhos.<\/p>\n<p>As a\u00e7\u00f5es de remodela\u00e7\u00e3o de redes de esgoto s\u00e3o realizadas ao longo do ano, seguindo uma programa\u00e7\u00e3o de prioridades, quando \u00e9 avaliada a necessidade de troca da tubula\u00e7\u00e3o. A an\u00e1lise leva em conta a antiguidade e o desgaste do material, o fato de o dimensionamento da rede j\u00e1 n\u00e3o ser compat\u00edvel com o n\u00famero de im\u00f3veis atendidos e os transtornos causados aos usu\u00e1rios do sistema, al\u00e9m dos custos de manuten\u00e7\u00e3o.<\/p>\n","protected":false},"excerpt":{"rendered":"<p>Segundo informa\u00e7\u00f5es do site da Prefeitura de Juiz de Fora,\u00a0 a Companhia de Saneamento Municipal (Cesama) da Prefeitura de Juiz de Fora (PJF) d\u00e1 continuidade aos servi\u00e7os de remodela\u00e7\u00e3o de 330 metros da rede de esgoto da rua Ouro Preto, no Bairro Santa Terezinha. A via est\u00e1 recebendo uma nova tubula\u00e7\u00e3o de PVC ocre, com [&hellip;]<\/p>\n","protected":false},"author":246,"featured_media":195562,"comment_status":"closed","ping_status":"closed","sticky":false,"template":"","format":"standard","meta":{"footnotes":""},"categories":[253,436,439],"tags":[],"class_list":["post-195561","post","type-post","status-publish","format-standard","has-post-thumbnail","hentry","category-cidade","category-destaque-da-semana","category-ultima-hora"],"_links":{"self":[{"href":"https:\/\/diarioregionaldigital.com.br\/index.php?rest_route=\/wp\/v2\/posts\/195561","targetHints":{"allow":["GET"]}}],"collection":[{"href":"https:\/\/diarioregionaldigital.com.br\/index.php?rest_route=\/wp\/v2\/posts"}],"about":[{"href":"https:\/\/diarioregionaldigital.com.br\/index.php?rest_route=\/wp\/v2\/types\/post"}],"author":[{"embeddable":true,"href":"https:\/\/diarioregionaldigital.com.br\/index.php?rest_route=\/wp\/v2\/users\/246"}],"replies":[{"embeddable":true,"href":"https:\/\/diarioregionaldigital.com.br\/index.php?rest_route=%2Fwp%2Fv2%2Fcomments&post=195561"}],"version-history":[{"count":1,"href":"https:\/\/diarioregionaldigital.com.br\/index.php?rest_route=\/wp\/v2\/posts\/195561\/revisions"}],"predecessor-version":[{"id":195563,"href":"https:\/\/diarioregionaldigital.com.br\/index.php?rest_route=\/wp\/v2\/posts\/195561\/revisions\/195563"}],"wp:featuredmedia":[{"embeddable":true,"href":"https:\/\/diarioregionaldigital.com.br\/index.php?rest_route=\/wp\/v2\/media\/195562"}],"wp:attachment":[{"href":"https:\/\/diarioregionaldigital.com.br\/index.php?rest_route=%2Fwp%2Fv2%2Fmedia&parent=195561"}],"wp:term":[{"taxonomy":"category","embeddable":true,"href":"https:\/\/diarioregionaldigital.com.br\/index.php?rest_route=%2Fwp%2Fv2%2Fcategories&post=195561"},{"taxonomy":"post_tag","embeddable":true,"href":"https:\/\/diarioregionaldigital.com.br\/index.php?rest_route=%2Fwp%2Fv2%2Ftags&post=195561"}],"curies":[{"name":"wp","href":"https:\/\/api.w.org\/{rel}","templated":true}]}}