{"id":195555,"date":"2022-02-25T14:19:08","date_gmt":"2022-02-25T17:19:08","guid":{"rendered":"https:\/\/diarioregionaldigital.com.br\/?p=195555"},"modified":"2022-02-25T14:19:08","modified_gmt":"2022-02-25T17:19:08","slug":"sistema-de-saude-da-pjf-e-porta-de-entrada-para-tratamento-de-doencas-raras-no-hu-ufjf","status":"publish","type":"post","link":"https:\/\/diarioregionaldigital.com.br\/?p=195555","title":{"rendered":"Sistema de Sa\u00fade da PJF \u00e9 porta de entrada para tratamento de doen\u00e7as raras no HU\/UFJF"},"content":{"rendered":"<p>Segundo informa\u00e7\u00f5es do site da Prefeitura de Juiz de Fora, na pr\u00f3xima segunda-feira, 28 de fevereiro, ser\u00e1 comemorado o Dia Mundial de Doen\u00e7as Raras, data criada em 2008 com intuito de aumentar o fluxo de informa\u00e7\u00f5es, apoio aos pacientes e influenciar\u00a0 novas pesquisas para melhorar os tratamentos. S\u00e3o consideradas doen\u00e7as raras todas aquelas recorrentes em at\u00e9 65 pessoas em um grupo de 100.000, e a estimativa \u00e9 que, em todo o mundo, sejam cerca de 8.000 tipos de doen\u00e7as raras.<\/p>\n<p>O Sistema Municipal de Sa\u00fade, da Prefeitura de Juiz de Fora (PJF), \u00e9 a porta de entrada para tratamento de doen\u00e7as raras no Hospital Universit\u00e1rio (HU) da Universidade Federal de Juiz de Fora (UFJF). Ao perceber qualquer altera\u00e7\u00e3o de sa\u00fade, o usu\u00e1rio dever\u00e1 ir at\u00e9 \u00e0 Unidade B\u00e1sica de Sa\u00fade (UBS) de refer\u00eancia de seu bairro, ou no PAM Marechal, para os bairros localizados em \u00e1reas descobertas, passar pelo atendimento do cl\u00ednico geral ou pedi\u00e1trico, no caso de crian\u00e7as. Se necess\u00e1rio, o paciente ser\u00e1 encaminhado para o HU, hospital de refer\u00eancia ao tratamento de doen\u00e7as raras no munic\u00edpio.<\/p>\n<p>A chefe do setor de regula\u00e7\u00e3o do HU, Maria Lucia Morcerf Bouzada, destaca a import\u00e2ncia de uma atendimento especializado para o tratamento de doen\u00e7as raras na Zona da Mata. \u201cO HU\/UFJF foi habilitado h\u00e1 cinco meses para tratamento de doen\u00e7as raras, mas realiza atendimento h\u00e1 mais de 15 anos, atendendo pacientes portadores de algumas doen\u00e7as raras como, por exemplo, fibrose c\u00edstica. O credenciamento do hospital Universit\u00e1rio trouxe o tratamento de\u00a0 doen\u00e7as raras\u00a0 para mais perto, garantindo o conforto \u00e0s fam\u00edlias\u201d. Maria Lucia acrescenta ainda que o hospital n\u00e3o \u00e9 refer\u00eancia somente para Zona da Mata, mas para o estado de Minas Gerais, e que o sistema municipal de sa\u00fade de Juiz de Fora \u00e9 a porta de entrada para o tratamento de doen\u00e7as raras.<\/p>\n<p>O membro do Comit\u00ea Municipal de Doen\u00e7as Raras, David Jos\u00e9 da Silva, ressalta sobre o diagn\u00f3stico pr\u00e9vio e a import\u00e2ncia do teste do pezinho. \u201cPara diminuir as doen\u00e7as raras e o agravamento delas, \u00e9 necess\u00e1rio a conscientiza\u00e7\u00e3o sobre a possibilidade de sermos portadores de alguma altera\u00e7\u00e3o gen\u00e9tica, sendo o fator da maioria destas doen\u00e7as. Por isso \u00e9 importante a realiza\u00e7\u00e3o do teste do pezinho, que consegue identificar altera\u00e7\u00f5es gen\u00e9ticas em rec\u00e9m-nascidos e, caso identificado,\u00a0 pode-se iniciar o tratamento precoce e reduzir o agravamento das doen\u00e7as\u201d.<\/p>\n<p>O teste do pezinho para os rec\u00e9m-nascidos \u00e9 realizado na UBS de refer\u00eancia do bairro em que a gestante realizou o pr\u00e9-natal, e, para os bairros localizados em \u00e1reas descobertas, \u00e9 realizado no Departamento de Sa\u00fade da Mulher, da Gestante, da Crian\u00e7a e do Adolescente (DSMGCA), localizado\u00a0na Rua S\u00e3o Sebasti\u00e3o 772\/776, no Centro. O funcionamento \u00e9 das 7h \u00e0s 18h e o agendamento do teste do pezinho podem ser feitos atrav\u00e9s do telefone 3690-7170.<\/p>\n","protected":false},"excerpt":{"rendered":"<p>Segundo informa\u00e7\u00f5es do site da Prefeitura de Juiz de Fora, na pr\u00f3xima segunda-feira, 28 de fevereiro, ser\u00e1 comemorado o Dia Mundial de Doen\u00e7as Raras, data criada em 2008 com intuito de aumentar o fluxo de informa\u00e7\u00f5es, apoio aos pacientes e influenciar\u00a0 novas pesquisas para melhorar os tratamentos. S\u00e3o consideradas doen\u00e7as raras todas aquelas recorrentes em [&hellip;]<\/p>\n","protected":false},"author":246,"featured_media":195556,"comment_status":"closed","ping_status":"closed","sticky":false,"template":"","format":"standard","meta":{"footnotes":""},"categories":[253,436,439],"tags":[],"class_list":["post-195555","post","type-post","status-publish","format-standard","has-post-thumbnail","hentry","category-cidade","category-destaque-da-semana","category-ultima-hora"],"_links":{"self":[{"href":"https:\/\/diarioregionaldigital.com.br\/index.php?rest_route=\/wp\/v2\/posts\/195555","targetHints":{"allow":["GET"]}}],"collection":[{"href":"https:\/\/diarioregionaldigital.com.br\/index.php?rest_route=\/wp\/v2\/posts"}],"about":[{"href":"https:\/\/diarioregionaldigital.com.br\/index.php?rest_route=\/wp\/v2\/types\/post"}],"author":[{"embeddable":true,"href":"https:\/\/diarioregionaldigital.com.br\/index.php?rest_route=\/wp\/v2\/users\/246"}],"replies":[{"embeddable":true,"href":"https:\/\/diarioregionaldigital.com.br\/index.php?rest_route=%2Fwp%2Fv2%2Fcomments&post=195555"}],"version-history":[{"count":1,"href":"https:\/\/diarioregionaldigital.com.br\/index.php?rest_route=\/wp\/v2\/posts\/195555\/revisions"}],"predecessor-version":[{"id":195557,"href":"https:\/\/diarioregionaldigital.com.br\/index.php?rest_route=\/wp\/v2\/posts\/195555\/revisions\/195557"}],"wp:featuredmedia":[{"embeddable":true,"href":"https:\/\/diarioregionaldigital.com.br\/index.php?rest_route=\/wp\/v2\/media\/195556"}],"wp:attachment":[{"href":"https:\/\/diarioregionaldigital.com.br\/index.php?rest_route=%2Fwp%2Fv2%2Fmedia&parent=195555"}],"wp:term":[{"taxonomy":"category","embeddable":true,"href":"https:\/\/diarioregionaldigital.com.br\/index.php?rest_route=%2Fwp%2Fv2%2Fcategories&post=195555"},{"taxonomy":"post_tag","embeddable":true,"href":"https:\/\/diarioregionaldigital.com.br\/index.php?rest_route=%2Fwp%2Fv2%2Ftags&post=195555"}],"curies":[{"name":"wp","href":"https:\/\/api.w.org\/{rel}","templated":true}]}}