{"id":195549,"date":"2022-02-25T14:13:51","date_gmt":"2022-02-25T17:13:51","guid":{"rendered":"https:\/\/diarioregionaldigital.com.br\/?p=195549"},"modified":"2022-02-25T14:13:51","modified_gmt":"2022-02-25T17:13:51","slug":"futebol-polonia-suecia-e-republica-tcheca-sao-contra-jogos-na-russia","status":"publish","type":"post","link":"https:\/\/diarioregionaldigital.com.br\/?p=195549","title":{"rendered":"Futebol: Pol\u00f4nia, Su\u00e9cia e Rep\u00fablica Tcheca s\u00e3o contra jogos na R\u00fassia"},"content":{"rendered":"<p>As federa\u00e7\u00f5es de futebol da Pol\u00f4nia, Su\u00e9cia e Rep\u00fablica Tcheca condenaram a invas\u00e3o militar russa \u00e0 Ucr\u00e2nia em comunicado conjunto, publicado nesta quinta-feira (24). Em nota, as entidades afirmam que as tr\u00eas sele\u00e7\u00f5es n\u00e3o querem disputar na R\u00fassia as pr\u00f3ximas partidas decisivas das Eliminat\u00f3rias Europeias da Copa do Mundo do Catar, programadas para o pr\u00f3ximo m\u00eas.<\/p>\n<p>\u201cA escalada militar que estamos observando est\u00e1 associada a graves consequ\u00eancias e a uma redu\u00e7\u00e3o significativa do n\u00edvel de seguran\u00e7a das nossas representa\u00e7\u00f5es e delega\u00e7\u00f5es oficiais&#8221;,\u00a0disse a federa\u00e7\u00e3o polonesa em um trecho do\u00a0comunicado oficial.\u00a0\u201cOs signat\u00e1rios deste apelo n\u00e3o levam em considera\u00e7\u00e3o a viagem \u00e0 R\u00fassia e a realiza\u00e7\u00e3o de partidas de futebol l\u00e1. A escalada militar que estamos a observar est\u00e1 associada a graves consequ\u00eancias e a uma redu\u00e7\u00e3o significativa do n\u00edvel de seguran\u00e7a das nossas representa\u00e7\u00f5es e delega\u00e7\u00f5es oficiais.\u00a0Portanto, esperamos uma resposta imediata da Fifa e da Uefa e a apresenta\u00e7\u00e3o de solu\u00e7\u00f5es alternativas para os pr\u00f3ximos jogos\u201d.<\/p>\n<p>Pelo calend\u00e1rio das Eliminat\u00f3rias, a Pol\u00f4nia far\u00e1\u00a0semifinal contra a R\u00fassia em Moscou, no dia 24 de mar\u00e7o. No dia seguinte, a Su\u00e9cia recebe a Rep\u00fablica Tcheca, na outra semi, na cidade de Solna. Os dois vencedores v\u00e3o se enfrentar na final.<\/p>\n<p>A Uefa far\u00e1 reuni\u00e3o extraordin\u00e1ria nesta sexta-feira, as 6h (hor\u00e1rio de Bras\u00edlia).\u00a0 Nesta tarde, a Fifa tamb\u00e9m condenou o uso da for\u00e7a pela R\u00fassia na Ucr\u00e2nia, e disse que informar\u00e1 \u201coportunamente atualiza\u00e7\u00f5es em rela\u00e7\u00e3o \u00e0s pr\u00f3ximas Eliminat\u00f3rias\u201d.<\/p>\n<p>\u201cA Fifa condena o uso da for\u00e7a pela R\u00fassia na Ucr\u00e2nia e qualquer tipo de viol\u00eancia para resolver conflitos. A viol\u00eancia nunca \u00e9 uma solu\u00e7\u00e3o e a Fifa pede a todas as partes que restaurem a paz por meio de um di\u00e1logo construtivo. A FIFA tamb\u00e9m continua expressando sua solidariedade \u00e0s pessoas afetadas por este conflito. Em rela\u00e7\u00e3o aos assuntos de futebol na Ucr\u00e2nia e na R\u00fassia, a FIFA continuar\u00e1 monitorando a situa\u00e7\u00e3o e as atualiza\u00e7\u00f5es em rela\u00e7\u00e3o \u00e0s pr\u00f3ximas eliminat\u00f3rias da Copa do Mundo da FIFA Qatar 2022&#x2122;&#xfe0f; ser\u00e3o comunicadas oportunamente\u201d.<\/p>\n<p>Fonte: Ag\u00eancia Brasil<\/p>\n","protected":false},"excerpt":{"rendered":"<p>As federa\u00e7\u00f5es de futebol da Pol\u00f4nia, Su\u00e9cia e Rep\u00fablica Tcheca condenaram a invas\u00e3o militar russa \u00e0 Ucr\u00e2nia em comunicado conjunto, publicado nesta quinta-feira (24). Em nota, as entidades afirmam que as tr\u00eas sele\u00e7\u00f5es n\u00e3o querem disputar na R\u00fassia as pr\u00f3ximas partidas decisivas das Eliminat\u00f3rias Europeias da Copa do Mundo do Catar, programadas para o pr\u00f3ximo [&hellip;]<\/p>\n","protected":false},"author":246,"featured_media":195550,"comment_status":"closed","ping_status":"closed","sticky":false,"template":"","format":"standard","meta":{"footnotes":""},"categories":[436,257,439],"tags":[],"class_list":["post-195549","post","type-post","status-publish","format-standard","has-post-thumbnail","hentry","category-destaque-da-semana","category-esporte","category-ultima-hora"],"_links":{"self":[{"href":"https:\/\/diarioregionaldigital.com.br\/index.php?rest_route=\/wp\/v2\/posts\/195549","targetHints":{"allow":["GET"]}}],"collection":[{"href":"https:\/\/diarioregionaldigital.com.br\/index.php?rest_route=\/wp\/v2\/posts"}],"about":[{"href":"https:\/\/diarioregionaldigital.com.br\/index.php?rest_route=\/wp\/v2\/types\/post"}],"author":[{"embeddable":true,"href":"https:\/\/diarioregionaldigital.com.br\/index.php?rest_route=\/wp\/v2\/users\/246"}],"replies":[{"embeddable":true,"href":"https:\/\/diarioregionaldigital.com.br\/index.php?rest_route=%2Fwp%2Fv2%2Fcomments&post=195549"}],"version-history":[{"count":1,"href":"https:\/\/diarioregionaldigital.com.br\/index.php?rest_route=\/wp\/v2\/posts\/195549\/revisions"}],"predecessor-version":[{"id":195551,"href":"https:\/\/diarioregionaldigital.com.br\/index.php?rest_route=\/wp\/v2\/posts\/195549\/revisions\/195551"}],"wp:featuredmedia":[{"embeddable":true,"href":"https:\/\/diarioregionaldigital.com.br\/index.php?rest_route=\/wp\/v2\/media\/195550"}],"wp:attachment":[{"href":"https:\/\/diarioregionaldigital.com.br\/index.php?rest_route=%2Fwp%2Fv2%2Fmedia&parent=195549"}],"wp:term":[{"taxonomy":"category","embeddable":true,"href":"https:\/\/diarioregionaldigital.com.br\/index.php?rest_route=%2Fwp%2Fv2%2Fcategories&post=195549"},{"taxonomy":"post_tag","embeddable":true,"href":"https:\/\/diarioregionaldigital.com.br\/index.php?rest_route=%2Fwp%2Fv2%2Ftags&post=195549"}],"curies":[{"name":"wp","href":"https:\/\/api.w.org\/{rel}","templated":true}]}}