{"id":195546,"date":"2022-02-25T14:12:29","date_gmt":"2022-02-25T17:12:29","guid":{"rendered":"https:\/\/diarioregionaldigital.com.br\/?p=195546"},"modified":"2022-02-25T14:12:29","modified_gmt":"2022-02-25T17:12:29","slug":"corinthians-anuncia-contratacao-do-tecnico-portugues-vitor-pereira","status":"publish","type":"post","link":"https:\/\/diarioregionaldigital.com.br\/?p=195546","title":{"rendered":"Corinthians anuncia contrata\u00e7\u00e3o do t\u00e9cnico portugu\u00eas Vitor Pereira"},"content":{"rendered":"<p>O Corinthians anunciou nesta ter\u00e7a-feira (22) a contrata\u00e7\u00e3o do t\u00e9cnico Vitor Pereira. O v\u00ednculo do portugu\u00eas, de 53 anos, com o Tim\u00e3o \u00e9 v\u00e1lido at\u00e9 31 de dezembro deste ano.<img decoding=\"async\" src=\"https:\/\/agenciabrasil.ebc.com.br\/ebc.png?id=1444348&amp;o=node\" \/><img decoding=\"async\" src=\"https:\/\/agenciabrasil.ebc.com.br\/ebc.gif?id=1444348&amp;o=node\" \/><\/p>\n<p>Pereira assume o Alvinegro no lugar de Sylvinho, que deixou o clube em 3 de fevereiro. Desde ent\u00e3o, a equipe vinha sendo dirigida por Fernando L\u00e1zaro, analista de desempenho corintiano. O interino comandou o time em quatro jogos, com tr\u00eas vit\u00f3rias e um empate.<\/p>\n<p>O portugu\u00eas estava sem trabalhar desde o fim do ano passado, quando deixou o Fenerbah\u00e7e (Turquia). Ele iniciou a carreira de t\u00e9cnico em 2011, no Porto (Portugal), clube onde era auxiliar. Como treinador, foi bicampe\u00e3o nacional e venceu uma Superta\u00e7a &#8211; equivalente \u00e0 Supercopa. Destacou-se, tamb\u00e9m, no Olympiakos, sendo campe\u00e3o grego e da Copa da Gr\u00e9cia na temporada 2014\/2015. Passou, ainda, por Al-Ahli (Ar\u00e1bia Saudita), Munique 1860 (Alemanha) e Shanghai SIPG (China).<\/p>\n<p>&#8220;No futebol, as decis\u00f5es n\u00e3o s\u00e3o simples. Como estamos vendo por a\u00ed, n\u00e3o adianta ter pressa. O importante \u00e9 definir o alvo, negociar e ter calma. Esta decis\u00e3o demorou mais do que a gente esperava, mas o resultado \u00e9 exatamente o que a gente queria. Agora, a gente d\u00e1 as boas-vindas a um cara que foi campe\u00e3o onde passou e chega ao Brasil pronto para trabalhar em um clube \u00fanico e que vai viver com a Fiel a loucura de ser Corinthians&#8221;, disse o presidente alvinegro, Du\u00edlio Monteiro Alves, em v\u00eddeo publicado nas redes sociais.<\/p>\n<p>O pr\u00f3ximo compromisso do Corinthians ser\u00e1 neste domingo (27), \u00e0s 11h (hor\u00e1rio de Bras\u00edlia), contra o Red Bull Bragantino, na Neo Qu\u00edmica Arena, em S\u00e3o Paulo, pela nona rodada do Campeonato Paulista. A expectativa \u00e9 que o Tim\u00e3o ainda seja comandado por L\u00e1zaro nesta partida.<\/p>\n<p>Fonte: Ag\u00eancia Brasil<\/p>\n","protected":false},"excerpt":{"rendered":"<p>O Corinthians anunciou nesta ter\u00e7a-feira (22) a contrata\u00e7\u00e3o do t\u00e9cnico Vitor Pereira. O v\u00ednculo do portugu\u00eas, de 53 anos, com o Tim\u00e3o \u00e9 v\u00e1lido at\u00e9 31 de dezembro deste ano. Pereira assume o Alvinegro no lugar de Sylvinho, que deixou o clube em 3 de fevereiro. Desde ent\u00e3o, a equipe vinha sendo dirigida por Fernando [&hellip;]<\/p>\n","protected":false},"author":246,"featured_media":195547,"comment_status":"closed","ping_status":"closed","sticky":false,"template":"","format":"standard","meta":{"footnotes":""},"categories":[436,257,439],"tags":[],"class_list":["post-195546","post","type-post","status-publish","format-standard","has-post-thumbnail","hentry","category-destaque-da-semana","category-esporte","category-ultima-hora"],"_links":{"self":[{"href":"https:\/\/diarioregionaldigital.com.br\/index.php?rest_route=\/wp\/v2\/posts\/195546","targetHints":{"allow":["GET"]}}],"collection":[{"href":"https:\/\/diarioregionaldigital.com.br\/index.php?rest_route=\/wp\/v2\/posts"}],"about":[{"href":"https:\/\/diarioregionaldigital.com.br\/index.php?rest_route=\/wp\/v2\/types\/post"}],"author":[{"embeddable":true,"href":"https:\/\/diarioregionaldigital.com.br\/index.php?rest_route=\/wp\/v2\/users\/246"}],"replies":[{"embeddable":true,"href":"https:\/\/diarioregionaldigital.com.br\/index.php?rest_route=%2Fwp%2Fv2%2Fcomments&post=195546"}],"version-history":[{"count":1,"href":"https:\/\/diarioregionaldigital.com.br\/index.php?rest_route=\/wp\/v2\/posts\/195546\/revisions"}],"predecessor-version":[{"id":195548,"href":"https:\/\/diarioregionaldigital.com.br\/index.php?rest_route=\/wp\/v2\/posts\/195546\/revisions\/195548"}],"wp:featuredmedia":[{"embeddable":true,"href":"https:\/\/diarioregionaldigital.com.br\/index.php?rest_route=\/wp\/v2\/media\/195547"}],"wp:attachment":[{"href":"https:\/\/diarioregionaldigital.com.br\/index.php?rest_route=%2Fwp%2Fv2%2Fmedia&parent=195546"}],"wp:term":[{"taxonomy":"category","embeddable":true,"href":"https:\/\/diarioregionaldigital.com.br\/index.php?rest_route=%2Fwp%2Fv2%2Fcategories&post=195546"},{"taxonomy":"post_tag","embeddable":true,"href":"https:\/\/diarioregionaldigital.com.br\/index.php?rest_route=%2Fwp%2Fv2%2Ftags&post=195546"}],"curies":[{"name":"wp","href":"https:\/\/api.w.org\/{rel}","templated":true}]}}