{"id":195543,"date":"2022-02-25T14:11:22","date_gmt":"2022-02-25T17:11:22","guid":{"rendered":"https:\/\/diarioregionaldigital.com.br\/?p=195543"},"modified":"2022-02-25T14:11:22","modified_gmt":"2022-02-25T17:11:22","slug":"brasil-encara-chile-no-maracana-em-penultimo-duelo-pelas-eliminatorias","status":"publish","type":"post","link":"https:\/\/diarioregionaldigital.com.br\/?p=195543","title":{"rendered":"Brasil encara Chile no Maracan\u00e3 em pen\u00faltimo duelo pelas Eliminat\u00f3rias"},"content":{"rendered":"<p>O Est\u00e1dio Jornalista M\u00e1rio Filho, o Maracan\u00e3, no Rio de Janeiro, receber\u00e1 o \u00faltimo jogo da sele\u00e7\u00e3o masculina em territ\u00f3rio nacional pelas Eliminat\u00f3rias Sul-Americanas da Copa do Mundo do Catar. O pr\u00f3ximo duelo do Brasil, j\u00e1 classificado, ser\u00e1 contra o Chile, no dia 24 de mar\u00e7o (quinta-feira), \u00e0s 20h30.<\/p>\n<p>Inicialmente a sele\u00e7\u00e3o enfrentaria os chilenos na Arena Fonte Nova, em Salvador, conforme anunciou Juninho Paulista, coordenador da sele\u00e7\u00e3o, em outubro do ano passado. Mas, de acordo com a Confedera\u00e7\u00e3o Brasileira de Futebo (CBF), as restri\u00e7\u00f5es de p\u00fablico vigentes na Bahia motivaram a troca do local do jogo.<\/p>\n<p>&#8220;Queremos estar cada vez mais pr\u00f3ximo do torcedor. Ainda mais para esse jogo que ser\u00e1 o \u00faltimo no Brasil antes da Copa do Mundo. Respeitamos e entendemos as restri\u00e7\u00f5es vigentes em Salvador, mas \u00e9 nosso desejo atuar para o maior p\u00fablico poss\u00edvel dentro das normas sanit\u00e1rias&#8221;, disse Juninho Paulista.<\/p>\n<p>O \u00faltimo jogo do escrete canarinho no Maracan\u00e3 em confronto pela Eliminat\u00f3ria da Copa ocorreu em 2008, quando empatou em 0 a 0 com a Col\u00f4mbia.<\/p>\n<p>&#8220;Jogar no Maracan\u00e3 tamb\u00e9m nos possibilita uma log\u00edstica melhor de treinamentos e deslocamentos. Vamos utilizar a Granja Comary durante toda a prepara\u00e7\u00e3o&#8221;, acrescentou o coordenador de futebol.<\/p>\n<p>O Brasil lidera a classifica\u00e7\u00e3o geral das Eliminat\u00f3rias Sul-Americanas, com 39 pontos.O pa\u00eds garantiu classifica\u00e7\u00e3o na 13\u00aa rodada, em novembro passado, ao derrotar a Col\u00f4mbia, por 1 a 0, em S\u00e3o Paulo. O \u00faltimo jogo da sele\u00e7\u00e3o masculina ser\u00e1 contra a Bol\u00edvia (8\u00aa colocada), em 29 de mar\u00e7o, na capital La Paz.<\/p>\n<p>Fonte: Ag\u00eancia Brasil<\/p>\n","protected":false},"excerpt":{"rendered":"<p>O Est\u00e1dio Jornalista M\u00e1rio Filho, o Maracan\u00e3, no Rio de Janeiro, receber\u00e1 o \u00faltimo jogo da sele\u00e7\u00e3o masculina em territ\u00f3rio nacional pelas Eliminat\u00f3rias Sul-Americanas da Copa do Mundo do Catar. O pr\u00f3ximo duelo do Brasil, j\u00e1 classificado, ser\u00e1 contra o Chile, no dia 24 de mar\u00e7o (quinta-feira), \u00e0s 20h30. Inicialmente a sele\u00e7\u00e3o enfrentaria os chilenos [&hellip;]<\/p>\n","protected":false},"author":246,"featured_media":195544,"comment_status":"closed","ping_status":"closed","sticky":false,"template":"","format":"standard","meta":{"footnotes":""},"categories":[436,440,257,439],"tags":[],"class_list":["post-195543","post","type-post","status-publish","format-standard","has-post-thumbnail","hentry","category-destaque-da-semana","category-destaques-do-dia","category-esporte","category-ultima-hora"],"_links":{"self":[{"href":"https:\/\/diarioregionaldigital.com.br\/index.php?rest_route=\/wp\/v2\/posts\/195543","targetHints":{"allow":["GET"]}}],"collection":[{"href":"https:\/\/diarioregionaldigital.com.br\/index.php?rest_route=\/wp\/v2\/posts"}],"about":[{"href":"https:\/\/diarioregionaldigital.com.br\/index.php?rest_route=\/wp\/v2\/types\/post"}],"author":[{"embeddable":true,"href":"https:\/\/diarioregionaldigital.com.br\/index.php?rest_route=\/wp\/v2\/users\/246"}],"replies":[{"embeddable":true,"href":"https:\/\/diarioregionaldigital.com.br\/index.php?rest_route=%2Fwp%2Fv2%2Fcomments&post=195543"}],"version-history":[{"count":1,"href":"https:\/\/diarioregionaldigital.com.br\/index.php?rest_route=\/wp\/v2\/posts\/195543\/revisions"}],"predecessor-version":[{"id":195545,"href":"https:\/\/diarioregionaldigital.com.br\/index.php?rest_route=\/wp\/v2\/posts\/195543\/revisions\/195545"}],"wp:featuredmedia":[{"embeddable":true,"href":"https:\/\/diarioregionaldigital.com.br\/index.php?rest_route=\/wp\/v2\/media\/195544"}],"wp:attachment":[{"href":"https:\/\/diarioregionaldigital.com.br\/index.php?rest_route=%2Fwp%2Fv2%2Fmedia&parent=195543"}],"wp:term":[{"taxonomy":"category","embeddable":true,"href":"https:\/\/diarioregionaldigital.com.br\/index.php?rest_route=%2Fwp%2Fv2%2Fcategories&post=195543"},{"taxonomy":"post_tag","embeddable":true,"href":"https:\/\/diarioregionaldigital.com.br\/index.php?rest_route=%2Fwp%2Fv2%2Ftags&post=195543"}],"curies":[{"name":"wp","href":"https:\/\/api.w.org\/{rel}","templated":true}]}}