{"id":195521,"date":"2022-02-25T13:54:29","date_gmt":"2022-02-25T16:54:29","guid":{"rendered":"https:\/\/diarioregionaldigital.com.br\/?p=195521"},"modified":"2022-02-25T13:54:29","modified_gmt":"2022-02-25T16:54:29","slug":"bancos-fecham-no-carnaval-e-reabrem-na-quarta-feira-de-cinzas","status":"publish","type":"post","link":"https:\/\/diarioregionaldigital.com.br\/?p=195521","title":{"rendered":"Bancos fecham no carnaval e reabrem na Quarta-feira de Cinzas"},"content":{"rendered":"<p>Ag\u00eancias banc\u00e1rias em todo o pa\u00eds t\u00eam nesta sexta-feira (25) o \u00faltimo dia de atendimento ao p\u00fablico antes do carnaval. Elas ficar\u00e3o fechadas na segunda (28) e na ter\u00e7a- feira (1). O expediente ser\u00e1 retomado a partir das 12h na Quarta-feira de Cinzas (2), com encerramento em hor\u00e1rio normal de fechamento das ag\u00eancias.<img decoding=\"async\" src=\"https:\/\/agenciabrasil.ebc.com.br\/ebc.png?id=1444905&amp;o=node\" \/><img decoding=\"async\" src=\"https:\/\/agenciabrasil.ebc.com.br\/ebc.gif?id=1444905&amp;o=node\" \/><\/p>\n<p>\u201cNas localidades em que as ag\u00eancias fecham normalmente antes das 15h, o in\u00edcio do atendimento ao p\u00fablico ser\u00e1 antecipado, de modo a garantir o m\u00ednimo de tr\u00eas horas de funcionamento\u201d, informou a Federa\u00e7\u00e3o Brasileira de Bancos (Febraban).<\/p>\n<p>A entidade orienta os clientes a utilizarem preferencialmente os canais digitais, como\u00a0<em>sites<\/em>\u00a0e aplicativo dos bancos, para a realiza\u00e7\u00e3o de transfer\u00eancias e pagamento de contas nos dias em que n\u00e3o houver expediente banc\u00e1rio nas ag\u00eancias.<\/p>\n<p>As contas de consumo como \u00e1gua, energia, telefone e carn\u00eas com vencimento em 28 de fevereiro e 1\u00b0 de mar\u00e7o poder\u00e3o ser pagas, sem juros, na quarta-feira (2).<\/p>\n<p>Fonte: Ag\u00eancia Brasil<\/p>\n","protected":false},"excerpt":{"rendered":"<p>Ag\u00eancias banc\u00e1rias em todo o pa\u00eds t\u00eam nesta sexta-feira (25) o \u00faltimo dia de atendimento ao p\u00fablico antes do carnaval. Elas ficar\u00e3o fechadas na segunda (28) e na ter\u00e7a- feira (1). O expediente ser\u00e1 retomado a partir das 12h na Quarta-feira de Cinzas (2), com encerramento em hor\u00e1rio normal de fechamento das ag\u00eancias. \u201cNas localidades [&hellip;]<\/p>\n","protected":false},"author":246,"featured_media":195522,"comment_status":"closed","ping_status":"closed","sticky":false,"template":"","format":"standard","meta":{"footnotes":""},"categories":[436,261,439],"tags":[],"class_list":["post-195521","post","type-post","status-publish","format-standard","has-post-thumbnail","hentry","category-destaque-da-semana","category-economia","category-ultima-hora"],"_links":{"self":[{"href":"https:\/\/diarioregionaldigital.com.br\/index.php?rest_route=\/wp\/v2\/posts\/195521","targetHints":{"allow":["GET"]}}],"collection":[{"href":"https:\/\/diarioregionaldigital.com.br\/index.php?rest_route=\/wp\/v2\/posts"}],"about":[{"href":"https:\/\/diarioregionaldigital.com.br\/index.php?rest_route=\/wp\/v2\/types\/post"}],"author":[{"embeddable":true,"href":"https:\/\/diarioregionaldigital.com.br\/index.php?rest_route=\/wp\/v2\/users\/246"}],"replies":[{"embeddable":true,"href":"https:\/\/diarioregionaldigital.com.br\/index.php?rest_route=%2Fwp%2Fv2%2Fcomments&post=195521"}],"version-history":[{"count":1,"href":"https:\/\/diarioregionaldigital.com.br\/index.php?rest_route=\/wp\/v2\/posts\/195521\/revisions"}],"predecessor-version":[{"id":195523,"href":"https:\/\/diarioregionaldigital.com.br\/index.php?rest_route=\/wp\/v2\/posts\/195521\/revisions\/195523"}],"wp:featuredmedia":[{"embeddable":true,"href":"https:\/\/diarioregionaldigital.com.br\/index.php?rest_route=\/wp\/v2\/media\/195522"}],"wp:attachment":[{"href":"https:\/\/diarioregionaldigital.com.br\/index.php?rest_route=%2Fwp%2Fv2%2Fmedia&parent=195521"}],"wp:term":[{"taxonomy":"category","embeddable":true,"href":"https:\/\/diarioregionaldigital.com.br\/index.php?rest_route=%2Fwp%2Fv2%2Fcategories&post=195521"},{"taxonomy":"post_tag","embeddable":true,"href":"https:\/\/diarioregionaldigital.com.br\/index.php?rest_route=%2Fwp%2Fv2%2Ftags&post=195521"}],"curies":[{"name":"wp","href":"https:\/\/api.w.org\/{rel}","templated":true}]}}