{"id":195518,"date":"2022-02-25T13:53:26","date_gmt":"2022-02-25T16:53:26","guid":{"rendered":"https:\/\/diarioregionaldigital.com.br\/?p=195518"},"modified":"2022-02-25T13:53:26","modified_gmt":"2022-02-25T16:53:26","slug":"contas-publicas-fecham-janeiro-com-superavit-de-r-1018-bilhoes","status":"publish","type":"post","link":"https:\/\/diarioregionaldigital.com.br\/?p=195518","title":{"rendered":"Contas p\u00fablicas fecham janeiro com super\u00e1vit de R$ 101,8 bilh\u00f5es"},"content":{"rendered":"<p>As contas p\u00fablicas do pa\u00eds registraram um super\u00e1vit prim\u00e1rio recorde em janeiro, informou\u00a0hoje\u00a0o Banco Central (BC). O montante, maior de toda a s\u00e9rie hist\u00f3rica, foi de R$ 101,8 bilh\u00f5es, ante super\u00e1vit prim\u00e1rio de R$ 58,4 bilh\u00f5es em janeiro de 2021. Nos doze meses encerrados em janeiro, o super\u00e1vit prim\u00e1rio do setor p\u00fablico consolidado atingiu R$ 108,2 bilh\u00f5es, equivalente a 1,23% do Produto Interno Bruto (PIB).<img decoding=\"async\" src=\"https:\/\/agenciabrasil.ebc.com.br\/ebc.png?id=1444928&amp;o=node\" \/><img decoding=\"async\" src=\"https:\/\/agenciabrasil.ebc.com.br\/ebc.gif?id=1444928&amp;o=node\" \/><\/p>\n<p>Os dados est\u00e3o no\u00a0<a href=\"https:\/\/www.bcb.gov.br\/estatisticas\/estatisticasfiscais\" target=\"_blank\" rel=\"noopener\">relat\u00f3rio de estat\u00edsticas fiscais do BC<\/a>. Segundo o banco, no m\u00eas\u00a0de janeiro, o resultado do super\u00e1vit prim\u00e1rio do setor p\u00fablico consolidado\u00a0foi de R$ 77,4 bilh\u00f5es para o Governo Central (Previd\u00eancia, Banco Central e Tesouro Nacional); R$ 20 bilh\u00f5es para estados e munic\u00edpios e R$ 4,4 bilh\u00f5es para as empresas estatais.<\/p>\n<p>O resultado prim\u00e1rio \u00e9 formado pelas receitas menos os gastos com juros, sem considerar o pagamento de juros da d\u00edvida p\u00fablica. Assim, quando as receitas superam as despesas, h\u00e1 super\u00e1vit prim\u00e1rio.<\/p>\n<h2>Juros<\/h2>\n<p>Os juros nominais do setor p\u00fablico consolidado atingiram R$ 17,8 bilh\u00f5es em janeiro, frente a R$ 40,4 bilh\u00f5es em janeiro de 2021. De acordo com o BC, o resultado das opera\u00e7\u00f5es de swap cambial contribuiu para essa redu\u00e7\u00e3o.<\/p>\n<p>O swap cambial \u00e9 a venda de d\u00f3lares no mercado futuro. Os resultados dessas opera\u00e7\u00f5es s\u00e3o transferidos para o pagamento dos juros da d\u00edvida p\u00fablica, como receita, quando h\u00e1 ganhos, e como despesa, quando h\u00e1 perdas.<\/p>\n<p>No per\u00edodo, essas opera\u00e7\u00f5es resultaram em um ganho de R$ 31,9 bilh\u00f5es em janeiro de 2022 ante perda de R$ 16,3 bilh\u00f5es em janeiro de 2021.<\/p>\n<p>No acumulado em doze meses, os juros nominais alcan\u00e7aram R$ 425,7 bilh\u00f5es (4,86% do PIB) em janeiro de 2022, comparativamente a R$ 315,7 bilh\u00f5es (4,2% do PIB) nos doze meses at\u00e9 janeiro de 2021.<\/p>\n<p>O BC informou ainda que o resultado nominal do setor p\u00fablico consolidado, que inclui o resultado prim\u00e1rio e os juros nominais apropriados, foi superavit\u00e1rio em R$ 84,1 bilh\u00f5es em janeiro. No acumulado em doze meses, o d\u00e9ficit nominal alcan\u00e7ou R$ 317,5 bilh\u00f5es (3,62% do PIB), ante d\u00e9ficit nominal de R$ 383,7 bilh\u00f5es (4,42% do PIB) em dezembro de 2021.<\/p>\n<h2>D\u00edvida p\u00fablica<\/h2>\n<p>A d\u00edvida l\u00edquida do setor p\u00fablico (balan\u00e7o entre o total de cr\u00e9ditos e d\u00e9bitos dos governos federal, estaduais e municipais) fechou janeiro em R$ 5 trilh\u00f5es, o que corresponde a 56,6% do PIB, uma redu\u00e7\u00e3o de 0,6 ponto percentual do PIB no m\u00eas.<\/p>\n<p>J\u00e1 a d\u00edvida bruta do governo geral (DBGG) \u2013 que contabiliza apenas os passivos dos governos federal, estaduais e municipais \u2013 chegou a R$ 7 trilh\u00f5es ou 79,6% do PIB. Uma redu\u00e7\u00e3o de 0,7 ponto percentual\u00a0do PIB em rela\u00e7\u00e3o ao m\u00eas anterior<\/p>\n<p>Fonte: Ag\u00eancia Brasil<\/p>\n","protected":false},"excerpt":{"rendered":"<p>As contas p\u00fablicas do pa\u00eds registraram um super\u00e1vit prim\u00e1rio recorde em janeiro, informou\u00a0hoje\u00a0o Banco Central (BC). O montante, maior de toda a s\u00e9rie hist\u00f3rica, foi de R$ 101,8 bilh\u00f5es, ante super\u00e1vit prim\u00e1rio de R$ 58,4 bilh\u00f5es em janeiro de 2021. Nos doze meses encerrados em janeiro, o super\u00e1vit prim\u00e1rio do setor p\u00fablico consolidado atingiu R$ [&hellip;]<\/p>\n","protected":false},"author":246,"featured_media":195519,"comment_status":"closed","ping_status":"closed","sticky":false,"template":"","format":"standard","meta":{"footnotes":""},"categories":[436,261,439],"tags":[],"class_list":["post-195518","post","type-post","status-publish","format-standard","has-post-thumbnail","hentry","category-destaque-da-semana","category-economia","category-ultima-hora"],"_links":{"self":[{"href":"https:\/\/diarioregionaldigital.com.br\/index.php?rest_route=\/wp\/v2\/posts\/195518","targetHints":{"allow":["GET"]}}],"collection":[{"href":"https:\/\/diarioregionaldigital.com.br\/index.php?rest_route=\/wp\/v2\/posts"}],"about":[{"href":"https:\/\/diarioregionaldigital.com.br\/index.php?rest_route=\/wp\/v2\/types\/post"}],"author":[{"embeddable":true,"href":"https:\/\/diarioregionaldigital.com.br\/index.php?rest_route=\/wp\/v2\/users\/246"}],"replies":[{"embeddable":true,"href":"https:\/\/diarioregionaldigital.com.br\/index.php?rest_route=%2Fwp%2Fv2%2Fcomments&post=195518"}],"version-history":[{"count":1,"href":"https:\/\/diarioregionaldigital.com.br\/index.php?rest_route=\/wp\/v2\/posts\/195518\/revisions"}],"predecessor-version":[{"id":195520,"href":"https:\/\/diarioregionaldigital.com.br\/index.php?rest_route=\/wp\/v2\/posts\/195518\/revisions\/195520"}],"wp:featuredmedia":[{"embeddable":true,"href":"https:\/\/diarioregionaldigital.com.br\/index.php?rest_route=\/wp\/v2\/media\/195519"}],"wp:attachment":[{"href":"https:\/\/diarioregionaldigital.com.br\/index.php?rest_route=%2Fwp%2Fv2%2Fmedia&parent=195518"}],"wp:term":[{"taxonomy":"category","embeddable":true,"href":"https:\/\/diarioregionaldigital.com.br\/index.php?rest_route=%2Fwp%2Fv2%2Fcategories&post=195518"},{"taxonomy":"post_tag","embeddable":true,"href":"https:\/\/diarioregionaldigital.com.br\/index.php?rest_route=%2Fwp%2Fv2%2Ftags&post=195518"}],"curies":[{"name":"wp","href":"https:\/\/api.w.org\/{rel}","templated":true}]}}