{"id":195512,"date":"2022-02-25T13:39:45","date_gmt":"2022-02-25T16:39:45","guid":{"rendered":"https:\/\/diarioregionaldigital.com.br\/?p=195512"},"modified":"2022-02-25T13:39:45","modified_gmt":"2022-02-25T16:39:45","slug":"policia-militar-registra-roubo-em-hotel-no-centro","status":"publish","type":"post","link":"https:\/\/diarioregionaldigital.com.br\/?p=195512","title":{"rendered":"Pol\u00edcia Militar registra roubo em hotel no Centro"},"content":{"rendered":"<p>No dia 25fev22 por volta das 04h43min, a Pol\u00edcia Militar compareceu na Av Get\u00falio Vargas no Centro para atendimento a um homem de 68 anos, v\u00edtima de roubo. Segundo relato dele, funcion\u00e1rio de um hotel na regi\u00e3o central, um suspeito entrou no local armado com faca, anunciou o roubo, sbtraiu do caixa a quantia de R$ 100,00 e evadiu. V\u00edtima orientada quanto \u00e0s demais provid\u00eancias. A PM segue rastreamento.<\/p>\n","protected":false},"excerpt":{"rendered":"<p>No dia 25fev22 por volta das 04h43min, a Pol\u00edcia Militar compareceu na Av Get\u00falio Vargas no Centro para atendimento a um homem de 68 anos, v\u00edtima de roubo. Segundo relato dele, funcion\u00e1rio de um hotel na regi\u00e3o central, um suspeito entrou no local armado com faca, anunciou o roubo, sbtraiu do caixa a quantia de [&hellip;]<\/p>\n","protected":false},"author":246,"featured_media":195513,"comment_status":"closed","ping_status":"closed","sticky":false,"template":"","format":"standard","meta":{"footnotes":""},"categories":[301,436,439],"tags":[],"class_list":["post-195512","post","type-post","status-publish","format-standard","has-post-thumbnail","hentry","category-artigos-policiais","category-destaque-da-semana","category-ultima-hora"],"_links":{"self":[{"href":"https:\/\/diarioregionaldigital.com.br\/index.php?rest_route=\/wp\/v2\/posts\/195512","targetHints":{"allow":["GET"]}}],"collection":[{"href":"https:\/\/diarioregionaldigital.com.br\/index.php?rest_route=\/wp\/v2\/posts"}],"about":[{"href":"https:\/\/diarioregionaldigital.com.br\/index.php?rest_route=\/wp\/v2\/types\/post"}],"author":[{"embeddable":true,"href":"https:\/\/diarioregionaldigital.com.br\/index.php?rest_route=\/wp\/v2\/users\/246"}],"replies":[{"embeddable":true,"href":"https:\/\/diarioregionaldigital.com.br\/index.php?rest_route=%2Fwp%2Fv2%2Fcomments&post=195512"}],"version-history":[{"count":1,"href":"https:\/\/diarioregionaldigital.com.br\/index.php?rest_route=\/wp\/v2\/posts\/195512\/revisions"}],"predecessor-version":[{"id":195514,"href":"https:\/\/diarioregionaldigital.com.br\/index.php?rest_route=\/wp\/v2\/posts\/195512\/revisions\/195514"}],"wp:featuredmedia":[{"embeddable":true,"href":"https:\/\/diarioregionaldigital.com.br\/index.php?rest_route=\/wp\/v2\/media\/195513"}],"wp:attachment":[{"href":"https:\/\/diarioregionaldigital.com.br\/index.php?rest_route=%2Fwp%2Fv2%2Fmedia&parent=195512"}],"wp:term":[{"taxonomy":"category","embeddable":true,"href":"https:\/\/diarioregionaldigital.com.br\/index.php?rest_route=%2Fwp%2Fv2%2Fcategories&post=195512"},{"taxonomy":"post_tag","embeddable":true,"href":"https:\/\/diarioregionaldigital.com.br\/index.php?rest_route=%2Fwp%2Fv2%2Ftags&post=195512"}],"curies":[{"name":"wp","href":"https:\/\/api.w.org\/{rel}","templated":true}]}}