{"id":195508,"date":"2022-02-25T06:00:01","date_gmt":"2022-02-25T09:00:01","guid":{"rendered":"https:\/\/diarioregionaldigital.com.br\/?p=195508"},"modified":"2022-02-24T23:09:10","modified_gmt":"2022-02-25T02:09:10","slug":"tome-posse-das-bencaos-de-deus","status":"publish","type":"post","link":"https:\/\/diarioregionaldigital.com.br\/?p=195508","title":{"rendered":"Tome posse das b\u00ean\u00e7\u00e3os de Deus"},"content":{"rendered":"<p>\u201cE tudo quanto pedirdes em meu nome, eu o farei, para que o Pai seja glorificado no Filho\u201d (Jo\u00e3o 14: 13).<\/p>\n<p>Veja o poder envolvido na f\u00e9. O quanto somos privilegiados por crer no Deus \u00danico Criador atrav\u00e9s de Seu Filho.<\/p>\n<p>Jesus est\u00e1 nos dizendo na passagem acima que n\u00e3o importa o qu\u00e3o dif\u00edcil ou at\u00e9 imposs\u00edvel seja, ele nos dar\u00e1 TUDO o que pedirmos. Tudo \u00e9 tudo, n\u00e3o \u00e9 algumas coisas, n\u00e3o \u00e9 em parte, n\u00e3o \u00e9 quase tudo; tudo \u00e9 tudo: sa\u00fade, prosperidade, b\u00ean\u00e7\u00e3o na fam\u00edlia, \u2026 salva\u00e7\u00e3o!<\/p>\n<p>Deus n\u00e3o mente, se Cristo disse que faria tudo \u00e9 porque ele J\u00c1 FEZ TUDO! \u00c9 preciso ter em mente que a Cruz est\u00e1 entre o instante em que proferiu as palavras imortalizadas no verso acima e n\u00f3s que a lemos hoje, no presente. Pois foi na Cruz que Cristo realizou a sua maravilhosa obra redentora que nos reconciliou com Deus, nos tornando filhos do Alt\u00edssimo e s\u00faditos do Reino Eterno.<\/p>\n<p>Mas \u00e9 preciso atentar-se para duas condi\u00e7\u00f5es, uma externa e outra interna ao texto.<\/p>\n<p>A primeira relaciona-se ao contexto em que Cristo diz essas palavras. Ele n\u00e3o est\u00e1 falando a toda humanidade, est\u00e1 se dirigindo aos seus, aos que t\u00eam f\u00e9. Para acessar as b\u00ean\u00e7\u00e3os do Rei \u00e9 necess\u00e1rio antes tornar-se disc\u00edpulo, ou seja, assumir integralmente a f\u00e9 verdadeira.<\/p>\n<p>Por essa raz\u00e3o que, de imediato, retorquimos quem venha questionado o \u201cqualquer coisa\u201d. Porque os disc\u00edpulos de Cristo s\u00e3o as pessoas que n\u00e3o ousam pedir ao Pai o que n\u00e3o seja santo, justo e bom.<\/p>\n<p>A segunda condi\u00e7\u00e3o relaciona-se ao \u201ccomo\u201d voc\u00ea pede. Como bem sabemos, o Evangelho foi escrito no idioma grego, em sua vers\u00e3o koin\u00e9. O verbo originalmente usado e que foi traduzido como \u201cpedir\u201d \u00e9 \u201caite\u00f3\u201d. Sabemos que as palavras podem ter significados ou intensidades diferentes dependendo do seu contexto. Neste caso, o verbo pedir remete \u00e0 figura de um advogado que apresenta uma peti\u00e7\u00e3o ao juiz. A peti\u00e7\u00e3o possui uma conota\u00e7\u00e3o de exig\u00eancia, de reivindica\u00e7\u00e3o, de determina\u00e7\u00e3o, n\u00e3o \u00e9 mesmo?! Quando voc\u00ea vai ao juiz, n\u00e3o vai para suplicar algo, mas para lutar pelo seu direito, concorda?!<\/p>\n<p>Pois bem, o que isso significa? Significa que todo aquele que se torna s\u00fadito do Rei Jesus, tem assegurados os direitos inerentes \u00e0 cidadania de seu Reino, n\u00e3o \u00e9 algo que est\u00e1 para acontecer \u00e9 algo que j\u00e1 aconteceu. Portanto, se voc\u00ea, sendo Crist\u00e3o, n\u00e3o usufrui de uma vida plenamente aben\u00e7oada, saud\u00e1vel, em paz, feliz, realizada, \u00e9 porque algo est\u00e1 impedindo-o de gozar daquilo que j\u00e1 \u00e9 seu.<\/p>\n<p>Veja que Cristo diz \u201cem meu nome\u201d. O que \u00e9 o Nome de Jesus\u201d? \u00c9 a nossa garantia de posse, nosso t\u00edtulo de propriedade, o direito que ele nos concedeu quando morreu por todos n\u00f3s. O Nome de Jesus \u00e9 a confiss\u00e3o de f\u00e9 que nos torna filhos de Deus, s\u00faditos do Reino de Cristo em pleno gozo de nossos direitos de cidadania.<\/p>\n<p>Portanto, se te falta algo, n\u00e3o \u00e9 porque Deus ainda n\u00e3o te deu, \u00e9 porque voc\u00ea ainda n\u00e3o se apossou daquilo que j\u00e1 \u00e9 seu. Consequentemente, voc\u00ea deve exigir com autoridade que o maligno tire as m\u00e3os daquilo que te pertence, que passou a ser seu atrav\u00e9s da gra\u00e7a divina.<\/p>\n<p>Compreendeu?!<\/p>\n<p>O Nome de Cristo \u00e9 a garantia de que nenhuma hoste espiritual da maldade pode impedir os seus direitos em Cristo Jesus.<\/p>\n","protected":false},"excerpt":{"rendered":"<p>\u201cE tudo quanto pedirdes em meu nome, eu o farei, para que o Pai seja glorificado no Filho\u201d (Jo\u00e3o 14: 13). Veja o poder envolvido na f\u00e9. O quanto somos privilegiados por crer no Deus \u00danico Criador atrav\u00e9s de Seu Filho. Jesus est\u00e1 nos dizendo na passagem acima que n\u00e3o importa o qu\u00e3o dif\u00edcil ou [&hellip;]<\/p>\n","protected":false},"author":96,"featured_media":0,"comment_status":"closed","ping_status":"closed","sticky":false,"template":"","format":"standard","meta":{"footnotes":""},"categories":[1244],"tags":[],"class_list":["post-195508","post","type-post","status-publish","format-standard","hentry","category-oleg-abramov"],"_links":{"self":[{"href":"https:\/\/diarioregionaldigital.com.br\/index.php?rest_route=\/wp\/v2\/posts\/195508","targetHints":{"allow":["GET"]}}],"collection":[{"href":"https:\/\/diarioregionaldigital.com.br\/index.php?rest_route=\/wp\/v2\/posts"}],"about":[{"href":"https:\/\/diarioregionaldigital.com.br\/index.php?rest_route=\/wp\/v2\/types\/post"}],"author":[{"embeddable":true,"href":"https:\/\/diarioregionaldigital.com.br\/index.php?rest_route=\/wp\/v2\/users\/96"}],"replies":[{"embeddable":true,"href":"https:\/\/diarioregionaldigital.com.br\/index.php?rest_route=%2Fwp%2Fv2%2Fcomments&post=195508"}],"version-history":[{"count":1,"href":"https:\/\/diarioregionaldigital.com.br\/index.php?rest_route=\/wp\/v2\/posts\/195508\/revisions"}],"predecessor-version":[{"id":195509,"href":"https:\/\/diarioregionaldigital.com.br\/index.php?rest_route=\/wp\/v2\/posts\/195508\/revisions\/195509"}],"wp:attachment":[{"href":"https:\/\/diarioregionaldigital.com.br\/index.php?rest_route=%2Fwp%2Fv2%2Fmedia&parent=195508"}],"wp:term":[{"taxonomy":"category","embeddable":true,"href":"https:\/\/diarioregionaldigital.com.br\/index.php?rest_route=%2Fwp%2Fv2%2Fcategories&post=195508"},{"taxonomy":"post_tag","embeddable":true,"href":"https:\/\/diarioregionaldigital.com.br\/index.php?rest_route=%2Fwp%2Fv2%2Ftags&post=195508"}],"curies":[{"name":"wp","href":"https:\/\/api.w.org\/{rel}","templated":true}]}}