{"id":195493,"date":"2022-02-27T06:00:39","date_gmt":"2022-02-27T09:00:39","guid":{"rendered":"https:\/\/diarioregionaldigital.com.br\/?p=195493"},"modified":"2022-02-25T22:40:11","modified_gmt":"2022-02-26T01:40:11","slug":"a-perda-de-candido-mendes","status":"publish","type":"post","link":"https:\/\/diarioregionaldigital.com.br\/?p=195493","title":{"rendered":"A perda de Candido Mendes"},"content":{"rendered":"<p>O educador, professor, advogado e membro da Academia Brasileira de Letras Candido Mendes de Almeida tinha 93 anos de exist\u00eancia. V\u00edtima de uma embolia pulmonar, perdeu \u00a0a vida, deixando vi\u00fava a m\u00e9dica e pneumologista Margareth Dalcomo, uma figura not\u00e1vel no combate \u00e0 Covid-19.<\/p>\n<p>Tive com C\u00e2ndido um conv\u00edvio de mais de 50 anos, desde que ele\u00a0 me convidou para lecionar na Universidade Candido Mendes. A mat\u00e9ria era Teoria da Administra\u00e7\u00e3o, nos cursos superiores da sua institui\u00e7\u00e3o. Vivi o prazer de ser Professor Em\u00e9rito da UCAM.<\/p>\n<p>Grande e ativo pensador de ci\u00eancia pol\u00edtica, Candido Mendes foi o criador do Instituto Universit\u00e1rio de Pesquisas, onde realizou trabalhos de grandes\u00a0 relevo.<\/p>\n<p>Deu aulas em Universidades americanas, como Harvard e Columbia, al\u00e9m de ter trazido ao Brasil figuras eminentes da cultura universal, como o franc\u00eas Edgard Morin, que se tornou seu grande amigo.<\/p>\n<p>Em 1998, numa visita da Academia Francesa ao Rio de Janeiro, em conversa com o ent\u00e3o Secret\u00e1rio Perp\u00e9tuo Maurice Druon, eu e C\u00e2ndido Mendes acertamos criar a Academia da Latinidade, que passou desde ent\u00e3o a funcionar de forma independente. Na \u00e9poca, eu estava na presid\u00eancia da\u00a0 Academia Brasileira de Letras.<\/p>\n<p>Escreveu obras importantes, entre as quais \u201cNacionalismo e Desenvolvimento\u201d(1963), \u201cO pa\u00eds da paci\u00eancia\u201d(2.000), \u201cPor que me envergonho do meu pa\u00eds\u201d(2010) e \u201cA raz\u00e3o armada\u201d(2012). Lecionou na PUC-Rio e na Funda\u00e7\u00e3o Get\u00falio Vargas. Foi figura de destaque da Academia Brasileira de Letras e a sua import\u00e2ncia pode ser medida pelas palavras do acad\u00eamico Merval Pereira a\u00a0 seu respeito: \u201cO vigor da voz de C\u00e2ndido Mendes se fez ouvir durante d\u00e9cadas na defesa dos direitos humanos, da democracia, especialmente durante a ditadura militar.\u201d<\/p>\n<p>Foi uma figura destacada da Faculdade de Direito Candido Mendes, onde lecionou a partir de 1962 e serviu \u00e0 Confer\u00eancia Nacional dos Bispos do Brasil (CNBB), al\u00e9m da Comiss\u00e3o Pontif\u00edcia de Justi\u00e7a e Paz. Fazia dupla com o irm\u00e3o \u2013 o bispo D. Luciano Mendes de Almeida, j\u00e1 falecido. Eles far\u00e3o falta \u00e0 Igreja do Brasil.<\/p>\n","protected":false},"excerpt":{"rendered":"<p>O educador, professor, advogado e membro da Academia Brasileira de Letras Candido Mendes de Almeida tinha 93 anos de exist\u00eancia. V\u00edtima de uma embolia pulmonar, perdeu \u00a0a vida, deixando vi\u00fava a m\u00e9dica e pneumologista Margareth Dalcomo, uma figura not\u00e1vel no combate \u00e0 Covid-19. Tive com C\u00e2ndido um conv\u00edvio de mais de 50 anos, desde que [&hellip;]<\/p>\n","protected":false},"author":96,"featured_media":0,"comment_status":"closed","ping_status":"closed","sticky":false,"template":"","format":"standard","meta":{"footnotes":""},"categories":[275],"tags":[],"class_list":["post-195493","post","type-post","status-publish","format-standard","hentry","category-arnaldo-niskier"],"_links":{"self":[{"href":"https:\/\/diarioregionaldigital.com.br\/index.php?rest_route=\/wp\/v2\/posts\/195493","targetHints":{"allow":["GET"]}}],"collection":[{"href":"https:\/\/diarioregionaldigital.com.br\/index.php?rest_route=\/wp\/v2\/posts"}],"about":[{"href":"https:\/\/diarioregionaldigital.com.br\/index.php?rest_route=\/wp\/v2\/types\/post"}],"author":[{"embeddable":true,"href":"https:\/\/diarioregionaldigital.com.br\/index.php?rest_route=\/wp\/v2\/users\/96"}],"replies":[{"embeddable":true,"href":"https:\/\/diarioregionaldigital.com.br\/index.php?rest_route=%2Fwp%2Fv2%2Fcomments&post=195493"}],"version-history":[{"count":1,"href":"https:\/\/diarioregionaldigital.com.br\/index.php?rest_route=\/wp\/v2\/posts\/195493\/revisions"}],"predecessor-version":[{"id":195494,"href":"https:\/\/diarioregionaldigital.com.br\/index.php?rest_route=\/wp\/v2\/posts\/195493\/revisions\/195494"}],"wp:attachment":[{"href":"https:\/\/diarioregionaldigital.com.br\/index.php?rest_route=%2Fwp%2Fv2%2Fmedia&parent=195493"}],"wp:term":[{"taxonomy":"category","embeddable":true,"href":"https:\/\/diarioregionaldigital.com.br\/index.php?rest_route=%2Fwp%2Fv2%2Fcategories&post=195493"},{"taxonomy":"post_tag","embeddable":true,"href":"https:\/\/diarioregionaldigital.com.br\/index.php?rest_route=%2Fwp%2Fv2%2Ftags&post=195493"}],"curies":[{"name":"wp","href":"https:\/\/api.w.org\/{rel}","templated":true}]}}