{"id":195490,"date":"2022-02-24T17:26:25","date_gmt":"2022-02-24T20:26:25","guid":{"rendered":"https:\/\/diarioregionaldigital.com.br\/?p=195490"},"modified":"2022-02-24T17:26:25","modified_gmt":"2022-02-24T20:26:25","slug":"ubs-marumbi-nao-abre-nesta-sexta-feira-25-2","status":"publish","type":"post","link":"https:\/\/diarioregionaldigital.com.br\/?p=195490","title":{"rendered":"UBS Marumbi n\u00e3o abre nesta sexta-feira, 25"},"content":{"rendered":"<div id=\"box_texto_noticia\">\n<p>Segundo informa\u00e7\u00f5es do site da Prefeitura de Juiz de Fora, a Secretaria de Sa\u00fade (SS) da Prefeitura de Juiz de Fora (PJF) informa que a Unidade B\u00e1sica de Sa\u00fade (UBS) do bairro Marumbi n\u00e3o ir\u00e1 abrir nesta sexta-feira, 25. A UBS passar\u00e1 por um processo de dedetiza\u00e7\u00e3o e precisar\u00e1 ficar fechada durante todo o dia.<br \/>\nAs pessoas que precisarem receber a vacina da Covid-19, poder\u00e3o se deslocar at\u00e9 a\u00a0<strong>Igreja S\u00e3o Lucas, localizada na Rua Luiz F\u00e1vero, 175, Marumbi<\/strong>. A equipe da unidade ir\u00e1 abrir um ponto de vacina\u00e7\u00e3o contra a Covid-19 no\u00a0endere\u00e7o nesta sexta-feira.<\/p>\n<\/div>\n<p>&nbsp;<\/p>\n<div id=\"box_compartilhar\" align=\"right\"><\/div>\n","protected":false},"excerpt":{"rendered":"<p>Segundo informa\u00e7\u00f5es do site da Prefeitura de Juiz de Fora, a Secretaria de Sa\u00fade (SS) da Prefeitura de Juiz de Fora (PJF) informa que a Unidade B\u00e1sica de Sa\u00fade (UBS) do bairro Marumbi n\u00e3o ir\u00e1 abrir nesta sexta-feira, 25. A UBS passar\u00e1 por um processo de dedetiza\u00e7\u00e3o e precisar\u00e1 ficar fechada durante todo o dia. [&hellip;]<\/p>\n","protected":false},"author":246,"featured_media":195491,"comment_status":"closed","ping_status":"closed","sticky":false,"template":"","format":"standard","meta":{"footnotes":""},"categories":[253,436,439],"tags":[],"class_list":["post-195490","post","type-post","status-publish","format-standard","has-post-thumbnail","hentry","category-cidade","category-destaque-da-semana","category-ultima-hora"],"_links":{"self":[{"href":"https:\/\/diarioregionaldigital.com.br\/index.php?rest_route=\/wp\/v2\/posts\/195490","targetHints":{"allow":["GET"]}}],"collection":[{"href":"https:\/\/diarioregionaldigital.com.br\/index.php?rest_route=\/wp\/v2\/posts"}],"about":[{"href":"https:\/\/diarioregionaldigital.com.br\/index.php?rest_route=\/wp\/v2\/types\/post"}],"author":[{"embeddable":true,"href":"https:\/\/diarioregionaldigital.com.br\/index.php?rest_route=\/wp\/v2\/users\/246"}],"replies":[{"embeddable":true,"href":"https:\/\/diarioregionaldigital.com.br\/index.php?rest_route=%2Fwp%2Fv2%2Fcomments&post=195490"}],"version-history":[{"count":1,"href":"https:\/\/diarioregionaldigital.com.br\/index.php?rest_route=\/wp\/v2\/posts\/195490\/revisions"}],"predecessor-version":[{"id":195492,"href":"https:\/\/diarioregionaldigital.com.br\/index.php?rest_route=\/wp\/v2\/posts\/195490\/revisions\/195492"}],"wp:featuredmedia":[{"embeddable":true,"href":"https:\/\/diarioregionaldigital.com.br\/index.php?rest_route=\/wp\/v2\/media\/195491"}],"wp:attachment":[{"href":"https:\/\/diarioregionaldigital.com.br\/index.php?rest_route=%2Fwp%2Fv2%2Fmedia&parent=195490"}],"wp:term":[{"taxonomy":"category","embeddable":true,"href":"https:\/\/diarioregionaldigital.com.br\/index.php?rest_route=%2Fwp%2Fv2%2Fcategories&post=195490"},{"taxonomy":"post_tag","embeddable":true,"href":"https:\/\/diarioregionaldigital.com.br\/index.php?rest_route=%2Fwp%2Fv2%2Ftags&post=195490"}],"curies":[{"name":"wp","href":"https:\/\/api.w.org\/{rel}","templated":true}]}}