{"id":195487,"date":"2022-02-24T17:24:37","date_gmt":"2022-02-24T20:24:37","guid":{"rendered":"https:\/\/diarioregionaldigital.com.br\/?p=195487"},"modified":"2022-02-24T17:24:37","modified_gmt":"2022-02-24T20:24:37","slug":"ubs-marumbi-nao-abre-nesta-sexta-feira-25","status":"publish","type":"post","link":"https:\/\/diarioregionaldigital.com.br\/?p=195487","title":{"rendered":"UBS Marumbi n\u00e3o abre nesta sexta-feira, 25"},"content":{"rendered":"<p>Segundo informa\u00e7\u00f5es do site da Prefeitura de Juiz de Fora, atrav\u00e9s do Gabinete de A\u00e7\u00e3o e Di\u00e1logo Comunit\u00e1rio (GADC) e da Secretaria de Obras (SO) da Prefeitura de Juiz de Fora (PJF), o Programa Boniteza promove 92 a\u00e7\u00f5es de zeladoria nesta quinta-feira, 24.<\/p>\n<p><strong>Obras<\/strong><\/p>\n<p>Os Departamentos de Opera\u00e7\u00e3o e Manuten\u00e7\u00e3o em Obras (Domo) e de Estradas Vicinais da Secretaria de Obras t\u00eam previstas 17 a\u00e7\u00f5es.<\/p>\n<p>Interven\u00e7\u00f5es em continuidade:<\/p>\n<p>-Limpeza das bocas de lobo &#8211; Rua Jo\u00e3o Francisco Monteiro &#8211; Santa Cec\u00edlia<\/p>\n<p>-Limpeza das bocas de lobo &#8211; Rua Bruno Simili &#8211; Distrito Industrial<\/p>\n<p>-Patrolamento\u00a0 e lan\u00e7amento de material &#8211; Rua Fernando Lamarca\u00a0 e Rua J\u00falio Dion\u00edsio &#8211; Distrito Industrial<\/p>\n<p>-Corre\u00e7\u00e3o de passeio em ponto de \u00f4nibus &#8211; Avenida Senhor dos Passos\u00a0 &#8211; Cai\u00e7aras<\/p>\n<p>-Retirada de barreira &#8211; Estrada das Palmeiras &#8211; N\u00e1utico<\/p>\n<p>-Encabe\u00e7amento de bueiro &#8211; Estrada da Invernada<\/p>\n<p>-Retirada de barreira e lan\u00e7amento\u00a0 de material \u2013 ponto final do \u00f4nibus de Toledos\u00a0\u00a0 \u00a0&#8211; Toledos<\/p>\n<p>-Retirada de barreira e lan\u00e7amento de material &#8211; Estrada de Pirapetinga &#8211; Pirapetinga<\/p>\n<p>Novas interven\u00e7\u00f5es:<\/p>\n<p>-Corre\u00e7\u00e3o de eros\u00e3o &#8211; margem do C\u00f3rrego Linhares\u00a0\u00a0 \u00a0\u00a0&#8211; Linhares<\/p>\n<p>-Constru\u00e7\u00e3o de rede de drenagem &#8211; Rua Celso Nunes Leal &#8211;\u00a0\u00a0\u00a0 \u00a0Bonfim<\/p>\n<p>-Lan\u00e7amento de material em pontos cr\u00edticos &#8211; Estrada do Morro do Sab\u00e3o &#8211; Humait\u00e1<\/p>\n<p>-Corre\u00e7\u00e3o de eros\u00e3o &#8211; Rua Alberto Pinto\u00a0\u00a0 \u00a0\u00a0&#8211; S\u00e3o Pedro<\/p>\n<p>-Corre\u00e7\u00e3o de eros\u00e3o &#8211; Rua Ces\u00e1rio Alvim &#8211; S\u00e3o Bernardo<\/p>\n<p>-Ro\u00e7ada na Estrada do 29 &#8211; Torre\u00f5es \u00e0 Monte Verde &#8211; Torre\u00f5es<\/p>\n<p>-Lan\u00e7amento de material granulado &#8211; Estrada do Milit\u00e3o &#8211; Ros\u00e1rio de Minas<\/p>\n<p>-Lan\u00e7amento manual de material em pontos cr\u00edticos &#8211; Estrada do Jacutinga &#8211; Pirapetinga<\/p>\n<p>-Retirada de barreira e lan\u00e7amento em pontos cr\u00edticos &#8211; Estrada da Varginha &#8211; Varginha<\/p>\n<p><strong>Ilumina\u00e7\u00e3o P\u00fablica<\/strong><\/p>\n<p>O departamento de Ilumina\u00e7\u00e3o P\u00fablica da PJF d\u00e1 continuidade \u00e0s a\u00e7\u00f5es com a previs\u00e3o de trocas de 75 l\u00e2mpadas em todas as regi\u00f5es.<\/p>\n<p><strong>-Democrata<\/strong><\/p>\n<p>Rua Monsenhor Ferrer<\/p>\n<p><strong>-S\u00e3o Mateus<\/strong><\/p>\n<p>Rua Chanceler Oswaldo Aranha<\/p>\n<p><strong>\u00a0&#8211; Linhares<\/strong><\/p>\n<p>Rua Diva Garcia<\/p>\n<p>Rua Jo\u00e3o Henrique Vila Real<\/p>\n<p><strong>-Progresso<\/strong><\/p>\n<p>Rua Am\u00e9rico Lobo<\/p>\n<p>Rua Manoel Lage<\/p>\n<p>Rua Aleixo Martins Neto<\/p>\n<p><strong>-Costa Carvalho<\/strong><\/p>\n<p>Rua Coronel Marcelino Gon\u00e7alves<\/p>\n<p>Avenida Mascarenhas<\/p>\n<p><strong>-Nossa Senhora Aparecida<\/strong><\/p>\n<p>Rua Ot\u00e1vio Pereira Torres<\/p>\n<p><strong>&#8211; Vitorino Braga<\/strong><\/p>\n<p>Rua Jo\u00e3o Henrique Vila Real<\/p>\n<p><strong>-Nossa Senhora das Gra\u00e7as<\/strong><\/p>\n<p>Rua An\u00edbal Alves<\/p>\n<p><strong>-Quintas das Avenidas<\/strong><\/p>\n<p>Rua Arthur Max Degwert<\/p>\n<p>Rua Nicolau Ferreira Mendes<\/p>\n<p><strong>-Centen\u00e1rio<\/strong><\/p>\n<p>Rua S\u00e3o Domingos S\u00e1vio<\/p>\n<p><strong>-Bandeirantes<\/strong><\/p>\n<p>Rua Sargento Cunha<\/p>\n<p><strong>-Recanto Da Mata<\/strong><\/p>\n<p>Rua Coronel Carlos S\u00e9rgio Vidal Barra<\/p>\n<p>Rua Engenheiro Geraldo Magela de Mattos San\u00e1bio<\/p>\n<p><strong>-Parque das \u00c1guas<\/strong><\/p>\n<p>Rua \u00c1lvaro Ambrozio Dias<\/p>\n<p><strong>-Cidade do Sol<\/strong><\/p>\n<p>Rua Cidade do Sol<\/p>\n<p><strong>-Benfica<\/strong><\/p>\n<p>Rua Henrique Dias<\/p>\n<p>Rua Francisco Esteves de Oliveira<\/p>\n<p>Rua Jeronimo Norberto Fernandes<\/p>\n<p>Rua Jos\u00e9 Luiz Halfeld<\/p>\n<p><strong>-Vila Esperan\u00e7a<\/strong><\/p>\n<p>Rua Jo\u00e3o Ribeiro Novaes<\/p>\n<p><strong>-Barbosa Lage<\/strong><\/p>\n<p>Rua Major Vicente de Paula Correa<\/p>\n<p>Rua Cabo Raul Jos\u00e9 Maria<\/p>\n<p><strong>-Santa Isabel<\/strong><\/p>\n<p>Rua Jornalista Newton Dantas<\/p>\n<p><strong>-S\u00e3o Pedro<\/strong><\/p>\n<p>Rua Ivon Jos\u00e9 Curi<\/p>\n<p>Rua Alberto Pinto<\/p>\n<p><strong>-Serra D&#8217;agua<\/strong><\/p>\n<p>Alameda 34<\/p>\n<p><strong>-Vina Del Mar<\/strong><\/p>\n<p>Rua Izabel Defeo Zanini<\/p>\n<p>&nbsp;<\/p>\n<p><strong>-Santos Dumont<\/strong><\/p>\n<p>Rua Izolino Gon\u00e7alves Coelho<\/p>\n<p>Rua Professor Jos\u00e9 Vila Bolsadas<\/p>\n<p>Rua Professor Jos\u00e9 Barata<\/p>\n<p>&nbsp;<\/p>\n<p><strong>-Cerro Azul<\/strong><\/p>\n<p>Rua Engenheiro Gentil Forn<\/p>\n<p>&nbsp;<\/p>\n<p><strong>-Alto dos Pinheiros<\/strong><\/p>\n<p>Rua Jos\u00e9 Hon\u00f3rio Loures<\/p>\n<p>Rua H\u00e9lio de Castro Surerus<\/p>\n<p>Rua Ricardo Schaller<\/p>\n<p>&nbsp;<\/p>\n<p><strong>-Tup\u00e3<\/strong><\/p>\n<p>Rua Vicente Soares da Silva<\/p>\n<p>&nbsp;<\/p>\n<p><strong>-Adolfo Vireque<\/strong><\/p>\n<p>Rua Artes\u00e3o Ant\u00f4nio de Oliveira<\/p>\n<p>Rua Jos\u00e9 Louren\u00e7o<\/p>\n<p>&nbsp;<\/p>\n<p><strong>-Aeroporto<\/strong><\/p>\n<p>Rua Francisco Baptista de Oliveira<\/p>\n<p>Rua Aurora Vieira de S\u00e1 Nery<\/p>\n<p>&nbsp;<\/p>\n<p><strong>-Itatiaia<\/strong><\/p>\n<p>Rua Vicente Jos\u00e9 Weiss<\/p>\n<p>&nbsp;<\/p>\n<p><strong>-Borboleta<\/strong><\/p>\n<p>Rua Luiz Kelmer<\/p>\n<p>&nbsp;<\/p>\n<p><strong>-Centro<\/strong><\/p>\n<p>Avenida Bar\u00e3o do Rio Branco<\/p>\n<p>&nbsp;<\/p>\n<p><strong>-Teixeiras<\/strong><\/p>\n<p>Rua Santa Maria Goretti<\/p>\n<p>Avenida Maria de Almeida Silva<\/p>\n<p>Travessa Ben\u00edcio Del Prate<\/p>\n<p>Rua Professora Etelvina Faro<\/p>\n<p>&nbsp;<\/p>\n<p><strong>-Santa Luzia<\/strong><\/p>\n<p>Rua Luiz Stehling<\/p>\n<p>Rua Humberto Berzoini<\/p>\n<p>Rua Porto das Flores<\/p>\n<p>Rua Tr\u00eas Ilhas<\/p>\n<p>Rua Francisco Henriques<\/p>\n<p>Rua Ivan de Andrade Resende<\/p>\n<p>Rua Francisco Henriques<\/p>\n<p>Rua Ingr\u00e1cia Pinheiro<\/p>\n<p>&nbsp;<\/p>\n<p><strong>Gabinete de A\u00e7\u00e3o e Di\u00e1logo Comunit\u00e1rio<\/strong><\/p>\n<p>&nbsp;<\/p>\n<p>As a\u00e7\u00f5es da Secretaria de Obras s\u00e3o realizadas atrav\u00e9s do Gabinete de A\u00e7\u00e3o e Di\u00e1logo Comunit\u00e1rio, que recebe demandas de melhorias urbanas pelo n\u00famero (32) 3690-7241, por liga\u00e7\u00e3o ou WhatsApp.<\/p>\n<p>&nbsp;<\/p>\n<p>No\u00a0<a href=\"https:\/\/www.pjf.mg.gov.br\/gabinetecomunitario\/\"><strong>site do gabinete<\/strong><\/a>, est\u00e3o dispon\u00edveis informa\u00e7\u00f5es atualizadas\u00a0 diariamente sobre os servi\u00e7os realizados pelas secretarias de Obras (SO); de Sustentabilidade em Meio Ambiente e Atividades Urbanas (Sesmaur); de Mobilidade Urbana (SMU); e pela\u00a0 Empresa Municipal de Pavimenta\u00e7\u00e3o e Urbaniza\u00e7\u00e3o (Empav); Departamento Municipal de Limpeza Urbana (Demlurb); e Companhia de Saneamento Municipal (Cesama).<\/p>\n","protected":false},"excerpt":{"rendered":"<p>Segundo informa\u00e7\u00f5es do site da Prefeitura de Juiz de Fora, atrav\u00e9s do Gabinete de A\u00e7\u00e3o e Di\u00e1logo Comunit\u00e1rio (GADC) e da Secretaria de Obras (SO) da Prefeitura de Juiz de Fora (PJF), o Programa Boniteza promove 92 a\u00e7\u00f5es de zeladoria nesta quinta-feira, 24. Obras Os Departamentos de Opera\u00e7\u00e3o e Manuten\u00e7\u00e3o em Obras (Domo) e de [&hellip;]<\/p>\n","protected":false},"author":246,"featured_media":195488,"comment_status":"closed","ping_status":"closed","sticky":false,"template":"","format":"standard","meta":{"footnotes":""},"categories":[253,436,439],"tags":[],"class_list":["post-195487","post","type-post","status-publish","format-standard","has-post-thumbnail","hentry","category-cidade","category-destaque-da-semana","category-ultima-hora"],"_links":{"self":[{"href":"https:\/\/diarioregionaldigital.com.br\/index.php?rest_route=\/wp\/v2\/posts\/195487","targetHints":{"allow":["GET"]}}],"collection":[{"href":"https:\/\/diarioregionaldigital.com.br\/index.php?rest_route=\/wp\/v2\/posts"}],"about":[{"href":"https:\/\/diarioregionaldigital.com.br\/index.php?rest_route=\/wp\/v2\/types\/post"}],"author":[{"embeddable":true,"href":"https:\/\/diarioregionaldigital.com.br\/index.php?rest_route=\/wp\/v2\/users\/246"}],"replies":[{"embeddable":true,"href":"https:\/\/diarioregionaldigital.com.br\/index.php?rest_route=%2Fwp%2Fv2%2Fcomments&post=195487"}],"version-history":[{"count":1,"href":"https:\/\/diarioregionaldigital.com.br\/index.php?rest_route=\/wp\/v2\/posts\/195487\/revisions"}],"predecessor-version":[{"id":195489,"href":"https:\/\/diarioregionaldigital.com.br\/index.php?rest_route=\/wp\/v2\/posts\/195487\/revisions\/195489"}],"wp:featuredmedia":[{"embeddable":true,"href":"https:\/\/diarioregionaldigital.com.br\/index.php?rest_route=\/wp\/v2\/media\/195488"}],"wp:attachment":[{"href":"https:\/\/diarioregionaldigital.com.br\/index.php?rest_route=%2Fwp%2Fv2%2Fmedia&parent=195487"}],"wp:term":[{"taxonomy":"category","embeddable":true,"href":"https:\/\/diarioregionaldigital.com.br\/index.php?rest_route=%2Fwp%2Fv2%2Fcategories&post=195487"},{"taxonomy":"post_tag","embeddable":true,"href":"https:\/\/diarioregionaldigital.com.br\/index.php?rest_route=%2Fwp%2Fv2%2Ftags&post=195487"}],"curies":[{"name":"wp","href":"https:\/\/api.w.org\/{rel}","templated":true}]}}