{"id":195484,"date":"2022-02-24T17:21:17","date_gmt":"2022-02-24T20:21:17","guid":{"rendered":"https:\/\/diarioregionaldigital.com.br\/?p=195484"},"modified":"2022-02-24T17:21:17","modified_gmt":"2022-02-24T20:21:17","slug":"veja-como-fica-o-funcionamento-da-pjf-durante-o-carnaval-2","status":"publish","type":"post","link":"https:\/\/diarioregionaldigital.com.br\/?p=195484","title":{"rendered":"Veja como fica o funcionamento da PJF durante o Carnaval"},"content":{"rendered":"<p>Segundo informa\u00e7\u00f5es do site da Prefeitura de Juiz de Fora, em fun\u00e7\u00e3o dos dias de ponto facultativo de Carnaval, na segunda e ter\u00e7a-feira, 28 de fevereiro e 1\u00ba de mar\u00e7o, bem como na quarta-feira, 2, at\u00e9 \u00e0s 12h, os servi\u00e7os da Prefeitura de Juiz de Fora (PJF) ter\u00e3o altera\u00e7\u00f5es. Confira:<\/p>\n<p>&nbsp;<\/p>\n<p><strong>Companhia de Saneamento Municipal (Cesama)<\/strong>: Funciona em esquema de plant\u00e3o de s\u00e1bado a ter\u00e7a-feira, com atendimento pelo telefone 115. Na quarta-feira, 2 de mar\u00e7o, a companhia tem expediente normal.<\/p>\n<p>&nbsp;<\/p>\n<p><strong>Departamento Municipal de Limpeza Urbana (Demlurb):\u00a0<\/strong>Os servi\u00e7os de coleta seletiva e de lixo domiciliar funcionar\u00e3o em hor\u00e1rio normal na segunda-feira, 28 de fevereiro, e na quarta-feira, 2 de mar\u00e7o, e ser\u00e3o interrompidos somente na ter\u00e7a-feira, 1\u00ba de mar\u00e7o. Capina e Varri\u00e7\u00e3o funcionam normalmente, sendo que, na ter\u00e7a-feira, funcionam em esquema de plant\u00e3o. O setor administrativo n\u00e3o funciona na segunda e ter\u00e7a, retornando na quarta-feira, a partir das 12h. Veja\u00a0<a href=\"https:\/\/www.pjf.mg.gov.br\/noticias\/view.php?modo=link2&amp;idnoticia2=74242\"><strong>como ficam os demais servi\u00e7os do Demlurb<\/strong><\/a>.<\/p>\n<p>&nbsp;<\/p>\n<p><strong>Obras:\u00a0<\/strong>Haver\u00e1 equipes de plant\u00e3o na segunda e ter\u00e7a para casos emergenciais.<\/p>\n<p>&nbsp;<\/p>\n<p><strong>Empresa Municipal de Pavimenta\u00e7\u00e3o e Urbaniza\u00e7\u00e3o (Empav):\u00a0<\/strong>A opera\u00e7\u00e3o tapa-buracos ser\u00e1 realizada de s\u00e1bado a ter\u00e7a. Somente na quarta n\u00e3o haver\u00e1 equipes na rua. Al\u00e9m disso, a Empav far\u00e1 recolhimentos de \u00e1rvores no s\u00e1bado e na segunda.<\/p>\n<p>&nbsp;<\/p>\n<p><strong>Guarda Municipal (GM):<\/strong>\u00a0Funcionam a central de atendimento 24h, pelo telefone 153, al\u00e9m das rondas preventivas.<\/p>\n<p>&nbsp;<\/p>\n<p><strong>Agentes de Transporte e Tr\u00e2nsito:\u00a0<\/strong>Durante os dias de carnaval, as equipes de plant\u00e3o poder\u00e3o ser acionadas pelo telefone 2104-7400.<\/p>\n<p>&nbsp;<\/p>\n<p><strong>Defesa Civil:\u00a0<\/strong>A equipe da Defesa Civil estar\u00e1 de plant\u00e3o. Em caso de emerg\u00eancia, disque 199. A Central de Atendimento funciona 24h.<\/p>\n<p>&nbsp;<\/p>\n<p><strong>Mercado Municipal:\u00a0<\/strong>Fecha no s\u00e1bado \u00e0s 14h e reabre na quarta-feira no hor\u00e1rio normal.<\/p>\n<p>&nbsp;<\/p>\n<p><strong>Feiras livres:\u00a0<\/strong>As feiras livres que tradicionalmente s\u00e3o realizadas nestes dias funcionar\u00e3o normalmente.<\/p>\n<p>&nbsp;<\/p>\n<p><strong>Restaurante Popular:<\/strong>\u00a0Funciona normalmente na segunda-feira, permanece fechado na ter\u00e7a e retoma o atendimento na quarta.<strong>\u00a0<\/strong><\/p>\n<p>&nbsp;<\/p>\n<p><strong>Sa\u00fade:\u00a0<\/strong>Os servi\u00e7os de Urg\u00eancia e Emerg\u00eancia do Pronto Atendimento Infantil (PAI), Regional Leste e Hospital de Pronto Socorro (HPS), bem como a Central de Regula\u00e7\u00e3o de Vagas Hospitalares permanecem em funcionamento normal 24 horas durante o per\u00edodo. As Unidades B\u00e1sicas de Sa\u00fade (UBS) n\u00e3o funcionam de s\u00e1bado a ter\u00e7a, retomando as atividades na quarta-feira, das 13h \u00e0s 17h. Nas UBSs, a vacina\u00e7\u00e3o Covid para adultos retoma na quarta, enquanto que a vacina\u00e7\u00e3o pedi\u00e1trica volta ao normal na quinta-feira. Os departamentos de Sa\u00fade da Mulher, Crian\u00e7a e do Adolescente e do Idoso retomam as atividades na quarta-feira, das 13h \u00e0s 17h. A vacina\u00e7\u00e3o no Sport Club ser\u00e1\u00a0 retomada na quarta-feira, a partir das 12h. J\u00e1 o Pam Marechal permanece fechado de s\u00e1bado a ter\u00e7a, retomando as consultas na quarta-feira, a partir das 12h, e, a partir das 13h, o resultado de exames. Os setores de marca\u00e7\u00e3o de m\u00e9dia complexidade e de coleta de sangue retomam o atendimento na quinta-feira, \u00e0s 7h.<\/p>\n<p>&nbsp;<\/p>\n<p><strong>Casa da Mulher:\u00a0<\/strong>O centro de refer\u00eancia n\u00e3o funcionar\u00e1 durante o per\u00edodo, retornando as atividades na quarta-feira, dia 3, \u00e0s 12h.<\/p>\n<p>&nbsp;<\/p>\n<p><strong>Assist\u00eancia Social:\u00a0<\/strong>Funcionar\u00e3o normalmente os equipamentos de acolhimento da popula\u00e7\u00e3o em situa\u00e7\u00e3o de rua, Centro Pop e acolhimento de crian\u00e7as e adolescentes. A Abordagem Social trabalha normal de 7h \u00e0 meio noite. Os centros Especializado de Assist\u00eancia Social (Creas) e de Refer\u00eancia de Assist\u00eancia Social (Cras) n\u00e3o funcionar\u00e3o.<\/p>\n<p>&nbsp;<\/p>\n<p><strong>Conselhos Tutelares<\/strong>: Funcionar\u00e3o em esquema de plant\u00e3o, pelos telefones: Sul\/Oeste: 98431-4793; Centro\/Norte: 98429-4740; e Leste: 98463-0980.<\/p>\n<p>&nbsp;<\/p>\n<p><strong>Funalfa:\u00a0<\/strong>A Funalfa e os espa\u00e7os dirigidos por ela permanecem fechados no s\u00e1bado, domingo, segunda e ter\u00e7a, reabrindo ao meio-dia de quarta-feira. A exce\u00e7\u00e3o \u00e9 a Pra\u00e7a CEU, que funcionar\u00e1 de s\u00e1bado, 26, at\u00e9 ter\u00e7a-feira, 1\u00ba de mar\u00e7o, das 13h \u00e0s 17h. Na quarta-feira, dia 2, a unidade permanece fechada de manh\u00e3 e reabre ao meio-dia.<\/p>\n<p>&nbsp;<\/p>\n<p><strong>Parque Municipal:\u00a0<\/strong>O Parque Municipal ir\u00e1 funcionar de s\u00e1bado a ter\u00e7a, normalmente, das 8h \u00e0s 17h. Na quarta-feira estar\u00e1 fechado para manuten\u00e7\u00e3o.\u00a0<a href=\"https:\/\/www.pjf.mg.gov.br\/noticias\/view.php?modo=link2&amp;idnoticia2=74224\"><strong>Veja mais aqui<\/strong><\/a>.<\/p>\n<p>&nbsp;<\/p>\n<p><strong>Parque do Museu Mariano Proc\u00f3pio:\u00a0<\/strong>Permanece aberto normalmente no s\u00e1bado e domingo, das 8h \u00e0s 17h. J\u00e1 na segunda e ter\u00e7a-feira n\u00e3o haver\u00e1 funcionamento. O parque volta a funcionar na quarta-feira, dia 2, \u00e0s 12h.<\/p>\n<p>&nbsp;<\/p>\n<p><strong>Espa\u00e7o Cidade:\u00a0<\/strong>O local ficar\u00e1 fechado de s\u00e1bado a ter\u00e7a, sendo reaberto na quarta-feira, dia 2, \u00e0s 14h.<\/p>\n<p>&nbsp;<\/p>\n<p><strong>Parque da Lajinha:\u00a0<\/strong>Funcionar\u00e1 normalmente no s\u00e1bado e domingo, das 8h \u00e0s 17h. Fecha na segunda e ter\u00e7a, e retoma o atendimento normal na quarta-feira, dia 2.<\/p>\n<p>&nbsp;<\/p>\n<p><strong>Departamento de Atendimento ao Cidad\u00e3o (DAC):\u00a0<\/strong>Na pr\u00f3xima segunda-feira, 28, e ter\u00e7a, 1\u00ba de mar\u00e7o, n\u00e3o haver\u00e1 expediente. Neste per\u00edodo, os servi\u00e7os podem ser solicitados pelo\u00a0<a href=\"http:\/\/www.pjf.mg.gov.br\/agil\"><strong>site<\/strong><\/a>. O DAC volta com atendimentos na quarta, 2, das 12h \u00e0s 15h, sempre com agendamento pr\u00e9vio. Outras informa\u00e7\u00f5es pelo Whatsapp 2104-8531.<\/p>\n<p>&nbsp;<\/p>\n<p><strong>Educa\u00e7\u00e3o:\u00a0<\/strong>A Secretaria de Educa\u00e7\u00e3o n\u00e3o ter\u00e1 atividades durante o per\u00edodo do Carnaval, retornando ao normal na quarta-feira, dia 2, \u00e0s 14h. As escolas e creches seguir\u00e3o seus calend\u00e1rios individuais de atividades pr\u00e9 estabelecidos.<\/p>\n","protected":false},"excerpt":{"rendered":"<p>Segundo informa\u00e7\u00f5es do site da Prefeitura de Juiz de Fora, em fun\u00e7\u00e3o dos dias de ponto facultativo de Carnaval, na segunda e ter\u00e7a-feira, 28 de fevereiro e 1\u00ba de mar\u00e7o, bem como na quarta-feira, 2, at\u00e9 \u00e0s 12h, os servi\u00e7os da Prefeitura de Juiz de Fora (PJF) ter\u00e3o altera\u00e7\u00f5es. Confira: &nbsp; Companhia de Saneamento Municipal [&hellip;]<\/p>\n","protected":false},"author":246,"featured_media":195485,"comment_status":"closed","ping_status":"closed","sticky":false,"template":"","format":"standard","meta":{"footnotes":""},"categories":[253,436,439],"tags":[],"class_list":["post-195484","post","type-post","status-publish","format-standard","has-post-thumbnail","hentry","category-cidade","category-destaque-da-semana","category-ultima-hora"],"_links":{"self":[{"href":"https:\/\/diarioregionaldigital.com.br\/index.php?rest_route=\/wp\/v2\/posts\/195484","targetHints":{"allow":["GET"]}}],"collection":[{"href":"https:\/\/diarioregionaldigital.com.br\/index.php?rest_route=\/wp\/v2\/posts"}],"about":[{"href":"https:\/\/diarioregionaldigital.com.br\/index.php?rest_route=\/wp\/v2\/types\/post"}],"author":[{"embeddable":true,"href":"https:\/\/diarioregionaldigital.com.br\/index.php?rest_route=\/wp\/v2\/users\/246"}],"replies":[{"embeddable":true,"href":"https:\/\/diarioregionaldigital.com.br\/index.php?rest_route=%2Fwp%2Fv2%2Fcomments&post=195484"}],"version-history":[{"count":1,"href":"https:\/\/diarioregionaldigital.com.br\/index.php?rest_route=\/wp\/v2\/posts\/195484\/revisions"}],"predecessor-version":[{"id":195486,"href":"https:\/\/diarioregionaldigital.com.br\/index.php?rest_route=\/wp\/v2\/posts\/195484\/revisions\/195486"}],"wp:featuredmedia":[{"embeddable":true,"href":"https:\/\/diarioregionaldigital.com.br\/index.php?rest_route=\/wp\/v2\/media\/195485"}],"wp:attachment":[{"href":"https:\/\/diarioregionaldigital.com.br\/index.php?rest_route=%2Fwp%2Fv2%2Fmedia&parent=195484"}],"wp:term":[{"taxonomy":"category","embeddable":true,"href":"https:\/\/diarioregionaldigital.com.br\/index.php?rest_route=%2Fwp%2Fv2%2Fcategories&post=195484"},{"taxonomy":"post_tag","embeddable":true,"href":"https:\/\/diarioregionaldigital.com.br\/index.php?rest_route=%2Fwp%2Fv2%2Ftags&post=195484"}],"curies":[{"name":"wp","href":"https:\/\/api.w.org\/{rel}","templated":true}]}}