{"id":195481,"date":"2022-02-24T17:18:54","date_gmt":"2022-02-24T20:18:54","guid":{"rendered":"https:\/\/diarioregionaldigital.com.br\/?p=195481"},"modified":"2022-02-24T17:18:54","modified_gmt":"2022-02-24T20:18:54","slug":"pjf-realiza-matine-de-vacinacao-contra-covid-19-neste-sabado-26","status":"publish","type":"post","link":"https:\/\/diarioregionaldigital.com.br\/?p=195481","title":{"rendered":"PJF realiza matin\u00ea de vacina\u00e7\u00e3o contra Covid-19 neste s\u00e1bado, 26"},"content":{"rendered":"<p>Segundo informa\u00e7\u00f5es do site da Prefeitura de Juiz de Fora, a PJF, por meio da Secretaria de Sa\u00fade (SS), realiza uma matin\u00ea de vacina\u00e7\u00e3o contra a Covid-19 para crian\u00e7as e adultos, neste s\u00e1bado, 26, no Sport Club. O Sport aplica as doses de vacina contra o coronav\u00edrus das 8h \u00e0s 13h, abrangendo todos os p\u00fablicos, e com v\u00e1rias atra\u00e7\u00f5es para as crian\u00e7as.<br \/>\nNeste s\u00e1bado, a PJF oferta para as crian\u00e7as diversas atividades, como cama el\u00e1stica, bal\u00e3o pula pula, tobog\u00e3 infl\u00e1vel, piscina de bolinhas e outras brincadeiras. A ideia \u00e9 aproveitar o momento de descontra\u00e7\u00e3o e chamar o p\u00fablico infantil para vacinar. \u201cEstamos querendo fazer um chamamento aos pais\/respons\u00e1veis, que ainda n\u00e3o levaram os filhos para vacinar neste s\u00e1bado de carnaval. O objetivo \u00e9 usar o momento de folia e brincadeiras para atrair a crian\u00e7ada para a vacina\u201d, explica a secret\u00e1ria de Governo, Cidinha Louzada.<br \/>\nA Secretaria de Sa\u00fade (SS) destaca a import\u00e2ncia do recebimento da vacina de refor\u00e7o e pede para que todos aqueles que receberam a 2\u00aa dose h\u00e1 pelo menos quatro meses procurem um posto de vacina\u00e7\u00e3o para aumentar sua prote\u00e7\u00e3o contra o v\u00edrus.<br \/>\nAs segundas doses dos imunizantes AstraZeneca, Coronavac, Janssen e Pfizer, al\u00e9m das vacinas de refor\u00e7o, s\u00e3o disponibilizadas de forma cont\u00ednua. A 2\u00aa dose da Janssen \u00e9 destinada a todas as pessoas que receberam a primeira dose desse imunizante em 23 de outubro ou antes. J\u00e1 o intervalo entre 1\u00aa e 2\u00aa aplica\u00e7\u00e3o da AstraZeneca \u00e9 de oito semanas; da Coronavac \u00e9 de 28 dias; e da Pfizer, de 21 dias. O intervalo da 2\u00aa dose para a aplica\u00e7\u00e3o da vacina de refor\u00e7o \u00e9 de quatro meses.<br \/>\nAqueles que forem receber a primeira dose da vacina devem apresentar originais e c\u00f3pias de documento de identifica\u00e7\u00e3o com foto (como documento de identidade (RG) ou carteira de motorista) e o CPF, caso o n\u00famero do mesmo n\u00e3o conste na identidade, al\u00e9m da ficha de vacina\u00e7\u00e3o impressa e preenchida. Os pr\u00e9-adolescentes e adolescentes que n\u00e3o tiverem o documento de identidade, podem apresentar a certid\u00e3o de nascimento.<br \/>\nAs pessoas que v\u00e3o receber a D2 ou a dose de refor\u00e7o precisam apresentar apenas a ficha de vacina\u00e7\u00e3o, o cart\u00e3o de vacina e um documento de identifica\u00e7\u00e3o com foto, enquanto os imunossuprimidos, al\u00e9m destes documentos, devem apresentar um laudo ou atestado m\u00e9dico datado de, no m\u00e1ximo, 12 meses, comprovando a condi\u00e7\u00e3o. Este p\u00fablico pode buscar pela dose de refor\u00e7o a partir de 28 dias do recebimento da 2\u00aa dose. N\u00e3o \u00e9 necess\u00e1ria a apresenta\u00e7\u00e3o de comprovante de resid\u00eancia.<\/p>\n<p>&nbsp;<\/p>\n<p><strong>Segundas doses (adultos)<\/strong><\/p>\n<p>&nbsp;<\/p>\n<p><strong>AstraZeneca\u00a0<\/strong>&#8211; A aplica\u00e7\u00e3o da segunda dose de AstraZeneca segue a data descrita no cart\u00e3o de vacina. Portanto, recebem a D2 todos aqueles com retorno agendado para o dia 26 de fevereiro ou data anterior.<\/p>\n<p><strong>Coronavac\u00a0<\/strong>&#8211; A aplica\u00e7\u00e3o da segunda dose do imunizante Coronavac segue a data descrita no cart\u00e3o de vacina. Recebem a D2 todos aqueles com retorno agendado para o dia 26 de fevereiro ou data anterior.<\/p>\n<p><strong>\u00a0Janssen\u00a0<\/strong>&#8211; As segundas doses do imunizante Janssen s\u00e3o destinadas \u00e0s pessoas que receberam a primeira dose desta vacina no dia 23 de outubro ou data anterior.<\/p>\n<p><strong>Pfizer\u00a0<\/strong>&#8211; Quem recebeu a primeira dose da Pfizer no dia 5 de fevereiro ou antes.<\/p>\n<p>As doses de refor\u00e7o s\u00e3o destinadas \u00e0s pessoas a partir de 18 anos que receberam a segunda h\u00e1 quatro meses<\/p>\n<p>&nbsp;<\/p>\n<p><strong>Refor\u00e7amos o pedido para todos que v\u00e3o ser vacinados levarem, impressa e preenchida, a Ficha de Vacina\u00e7\u00e3o, cujo modelo est\u00e1 dispon\u00edvel no site da PJF, isso facilita no momento da triagem e agiliza o processo de vacina\u00e7\u00e3o.<\/strong><\/p>\n<p>&nbsp;<\/p>\n<p><strong>Para as crian\u00e7as<\/strong><\/p>\n<p>&nbsp;<\/p>\n<p><strong>O intervalo entre a primeira e segunda aplica\u00e7\u00e3o da Covid-19, inicialmente, ser\u00e1 de oito semanas, com a Pfizer e de 28 dias com a Coronovac. A SS refor\u00e7a o pedido para os pais\/respons\u00e1veis levarem impresso a ficha de vacina\u00e7\u00e3o, que est\u00e1 dispon\u00edvel no site da PJF.<\/strong><br \/>\nSeguindo recomenda\u00e7\u00f5es dos \u00f3rg\u00e3os competentes, as crian\u00e7as que forem se vacinar contra a Covid-19 n\u00e3o podem ter recebido outra vacina nos \u00faltimos 15 dias e n\u00e3o dever\u00e3o receber outro imunizante nos 15 dias posteriores ao recebimento da primeira dose da vacina Pfizer infantil contra o coronav\u00edrus.\u00a0 Al\u00e9m disso, \u00e9 necess\u00e1rio que a crian\u00e7a fique de 5 a 20 minutos no local ap\u00f3s a vacina\u00e7\u00e3o, para ser observado casos de poss\u00edveis rea\u00e7\u00f5es.<\/p>\n","protected":false},"excerpt":{"rendered":"<p>Segundo informa\u00e7\u00f5es do site da Prefeitura de Juiz de Fora, a PJF, por meio da Secretaria de Sa\u00fade (SS), realiza uma matin\u00ea de vacina\u00e7\u00e3o contra a Covid-19 para crian\u00e7as e adultos, neste s\u00e1bado, 26, no Sport Club. O Sport aplica as doses de vacina contra o coronav\u00edrus das 8h \u00e0s 13h, abrangendo todos os p\u00fablicos, [&hellip;]<\/p>\n","protected":false},"author":246,"featured_media":195482,"comment_status":"closed","ping_status":"closed","sticky":false,"template":"","format":"standard","meta":{"footnotes":""},"categories":[253,436,440,439],"tags":[],"class_list":["post-195481","post","type-post","status-publish","format-standard","has-post-thumbnail","hentry","category-cidade","category-destaque-da-semana","category-destaques-do-dia","category-ultima-hora"],"_links":{"self":[{"href":"https:\/\/diarioregionaldigital.com.br\/index.php?rest_route=\/wp\/v2\/posts\/195481","targetHints":{"allow":["GET"]}}],"collection":[{"href":"https:\/\/diarioregionaldigital.com.br\/index.php?rest_route=\/wp\/v2\/posts"}],"about":[{"href":"https:\/\/diarioregionaldigital.com.br\/index.php?rest_route=\/wp\/v2\/types\/post"}],"author":[{"embeddable":true,"href":"https:\/\/diarioregionaldigital.com.br\/index.php?rest_route=\/wp\/v2\/users\/246"}],"replies":[{"embeddable":true,"href":"https:\/\/diarioregionaldigital.com.br\/index.php?rest_route=%2Fwp%2Fv2%2Fcomments&post=195481"}],"version-history":[{"count":1,"href":"https:\/\/diarioregionaldigital.com.br\/index.php?rest_route=\/wp\/v2\/posts\/195481\/revisions"}],"predecessor-version":[{"id":195483,"href":"https:\/\/diarioregionaldigital.com.br\/index.php?rest_route=\/wp\/v2\/posts\/195481\/revisions\/195483"}],"wp:featuredmedia":[{"embeddable":true,"href":"https:\/\/diarioregionaldigital.com.br\/index.php?rest_route=\/wp\/v2\/media\/195482"}],"wp:attachment":[{"href":"https:\/\/diarioregionaldigital.com.br\/index.php?rest_route=%2Fwp%2Fv2%2Fmedia&parent=195481"}],"wp:term":[{"taxonomy":"category","embeddable":true,"href":"https:\/\/diarioregionaldigital.com.br\/index.php?rest_route=%2Fwp%2Fv2%2Fcategories&post=195481"},{"taxonomy":"post_tag","embeddable":true,"href":"https:\/\/diarioregionaldigital.com.br\/index.php?rest_route=%2Fwp%2Fv2%2Ftags&post=195481"}],"curies":[{"name":"wp","href":"https:\/\/api.w.org\/{rel}","templated":true}]}}