{"id":195478,"date":"2022-02-24T17:16:27","date_gmt":"2022-02-24T20:16:27","guid":{"rendered":"https:\/\/diarioregionaldigital.com.br\/?p=195478"},"modified":"2022-02-24T17:16:27","modified_gmt":"2022-02-24T20:16:27","slug":"uefa-condena-invasao-russa-na-ucrania-e-fara-reuniao-extraordinaria","status":"publish","type":"post","link":"https:\/\/diarioregionaldigital.com.br\/?p=195478","title":{"rendered":"Uefa condena invas\u00e3o russa na Ucr\u00e2nia e far\u00e1 reuni\u00e3o extraordin\u00e1ria"},"content":{"rendered":"<p>A Uni\u00e3o das Associa\u00e7\u00f5es Europeias de Futebol (Uefa) condenou a invas\u00e3o militar russa na Ucr\u00e2nia e o presidente da entidade, Aleksander Ceferin, convocou uma reuni\u00e3o extraordin\u00e1ria para \u00e0s 6h (hor\u00e1rio de Bras\u00edlia) nesta sexta-feira (25).\u00a0<img decoding=\"async\" src=\"https:\/\/agenciabrasil.ebc.com.br\/ebc.png?id=1444666&amp;o=node\" \/><img decoding=\"async\" src=\"https:\/\/agenciabrasil.ebc.com.br\/ebc.gif?id=1444666&amp;o=node\" \/><\/p>\n<p>A expectativa \u00e9 que a Uefa se posicione a respeito da\u00a0 realiza\u00e7\u00e3o da final da Liga dos Campe\u00f5es, inicialmente programada para ocorrer no est\u00e1dio do Zenit, na cidade de S\u00e3o Petesburgo (R\u00fassia), no dia 8 de maio.<\/p>\n<p>\u201cComo organismo dirigente do futebol europeu, a UEFA trabalha incansavelmente para desenvolver e promover o futebol de acordo com valores europeus comuns, como a paz e o respeito pelos direitos humanos, no esp\u00edrito da Carta Ol\u00edmpica. Continuamos resolutos na nossa solidariedade com a comunidade do futebol na Ucr\u00e2nia e estamos prontos para estender a nossa m\u00e3o ao povo ucraniano, disse a Uefa em nota oficial. \u201cEstamos lidando com esta situa\u00e7\u00e3o com a m\u00e1xima seriedade e urg\u00eancia. As decis\u00f5es ser\u00e3o tomadas pelo Comit\u00ea Executivo da Uefa e anunciadas amanh\u00e3&#8221;, completou.<\/p>\n<p>De acordo com a ag\u00eancia de not\u00edcias Reuters, um grupo de parlamentares europeus solicitou por escrito \u00e0 Uefa, nesta quinta (24), n\u00e3o s\u00f3 a mudan\u00e7a do local da final da Liga dos Campe\u00f5es, como tamb\u00e9m pediu que a entidade deixasse de considerar cidades russas para competi\u00e7\u00f5es internacionais de futebol.<\/p>\n<p>Fonte: Ag\u00eancia Brasil<\/p>\n","protected":false},"excerpt":{"rendered":"<p>A Uni\u00e3o das Associa\u00e7\u00f5es Europeias de Futebol (Uefa) condenou a invas\u00e3o militar russa na Ucr\u00e2nia e o presidente da entidade, Aleksander Ceferin, convocou uma reuni\u00e3o extraordin\u00e1ria para \u00e0s 6h (hor\u00e1rio de Bras\u00edlia) nesta sexta-feira (25).\u00a0 A expectativa \u00e9 que a Uefa se posicione a respeito da\u00a0 realiza\u00e7\u00e3o da final da Liga dos Campe\u00f5es, inicialmente programada [&hellip;]<\/p>\n","protected":false},"author":246,"featured_media":195479,"comment_status":"closed","ping_status":"closed","sticky":false,"template":"","format":"standard","meta":{"footnotes":""},"categories":[436,257,439],"tags":[],"class_list":["post-195478","post","type-post","status-publish","format-standard","has-post-thumbnail","hentry","category-destaque-da-semana","category-esporte","category-ultima-hora"],"_links":{"self":[{"href":"https:\/\/diarioregionaldigital.com.br\/index.php?rest_route=\/wp\/v2\/posts\/195478","targetHints":{"allow":["GET"]}}],"collection":[{"href":"https:\/\/diarioregionaldigital.com.br\/index.php?rest_route=\/wp\/v2\/posts"}],"about":[{"href":"https:\/\/diarioregionaldigital.com.br\/index.php?rest_route=\/wp\/v2\/types\/post"}],"author":[{"embeddable":true,"href":"https:\/\/diarioregionaldigital.com.br\/index.php?rest_route=\/wp\/v2\/users\/246"}],"replies":[{"embeddable":true,"href":"https:\/\/diarioregionaldigital.com.br\/index.php?rest_route=%2Fwp%2Fv2%2Fcomments&post=195478"}],"version-history":[{"count":1,"href":"https:\/\/diarioregionaldigital.com.br\/index.php?rest_route=\/wp\/v2\/posts\/195478\/revisions"}],"predecessor-version":[{"id":195480,"href":"https:\/\/diarioregionaldigital.com.br\/index.php?rest_route=\/wp\/v2\/posts\/195478\/revisions\/195480"}],"wp:featuredmedia":[{"embeddable":true,"href":"https:\/\/diarioregionaldigital.com.br\/index.php?rest_route=\/wp\/v2\/media\/195479"}],"wp:attachment":[{"href":"https:\/\/diarioregionaldigital.com.br\/index.php?rest_route=%2Fwp%2Fv2%2Fmedia&parent=195478"}],"wp:term":[{"taxonomy":"category","embeddable":true,"href":"https:\/\/diarioregionaldigital.com.br\/index.php?rest_route=%2Fwp%2Fv2%2Fcategories&post=195478"},{"taxonomy":"post_tag","embeddable":true,"href":"https:\/\/diarioregionaldigital.com.br\/index.php?rest_route=%2Fwp%2Fv2%2Ftags&post=195478"}],"curies":[{"name":"wp","href":"https:\/\/api.w.org\/{rel}","templated":true}]}}