{"id":195472,"date":"2022-02-24T17:13:53","date_gmt":"2022-02-24T20:13:53","guid":{"rendered":"https:\/\/diarioregionaldigital.com.br\/?p=195472"},"modified":"2022-02-24T17:13:53","modified_gmt":"2022-02-24T20:13:53","slug":"guarani-paraguaio-frustra-estreia-do-america-mg-na-libertadores","status":"publish","type":"post","link":"https:\/\/diarioregionaldigital.com.br\/?p=195472","title":{"rendered":"Guaran\u00ed paraguaio frustra estreia do Am\u00e9rica-MG na Libertadores"},"content":{"rendered":"<p>O Guaran\u00ed (Paraguai) frustrou a torcida do Am\u00e9rica-MG na estreia do clube na Libertadores. Nesta quarta-feira (23), o Coelho foi superado pelo rival por 1 a 0, no Independ\u00eancia, em Belo Horizonte, pela segunda fase preliminar da competi\u00e7\u00e3o.<img decoding=\"async\" src=\"https:\/\/agenciabrasil.ebc.com.br\/ebc.png?id=1444552&amp;o=node\" \/><img decoding=\"async\" src=\"https:\/\/agenciabrasil.ebc.com.br\/ebc.gif?id=1444552&amp;o=node\" \/><\/p>\n<p>As equipes se reencontram na pr\u00f3xima quarta-feira (2), no Est\u00e1dio Defensores del Chaco, em Assun\u00e7\u00e3o (Paraguai), \u00e0s 19h15 (hor\u00e1rio de Bras\u00edlia). Os paraguaios t\u00eam a vantagem do empate. Os mineiros precisam ganhar por dois gols ou mais de diferen\u00e7a para se classificarem durante os 90 minutos. Caso o triunfo dos brasileiros seja por um gol, a defini\u00e7\u00e3o da vaga na terceira e \u00faltima fase preliminar ser\u00e1 nos p\u00eanaltis. Quem avan\u00e7ar, ter\u00e1 pela frente Universitario (Peru) ou Barcelona de Guayaquil (Equador).<\/p>\n<p>O Am\u00e9rica teve a iniciativa do primeiro tempo. Aos 12 minutos, o volante Juninho acertou o travess\u00e3o, ap\u00f3s dar um chap\u00e9u no marcador. Aos 25, o atacante Wellington Paulista tocou na sa\u00edda do goleiro Davis V\u00e1squez, mas a zaga paraguaia afastou praticamente em cima da linha. Aos poucos, a equipe visitante se acertou defensivamente em campo e o Coelho passou a insistir em cruzamentos, com pouco \u00eaxito.<\/p>\n<p>A press\u00e3o americana n\u00e3o diminuiu no segundo tempo, mas a pontaria n\u00e3o ajudou. O Guaran\u00ed, que tinha assustado aos 28 minutos, com o volante Marcelo Gonz\u00e1lez, acertando a trave, de cabe\u00e7a, acabou punindo o time da casa aos 45. Na sequ\u00eancia de um contra-ataque, o atacante Josu\u00e9 Colm\u00e1n arrematou, a bola desviou o zagueiro Iago Maidana e saiu do alcance de Jailson, morrendo nas redes do Coelho. O time mineiro insistiu, sem sucesso.<\/p>\n<p>Fonte: Ag\u00eancia Brasil<\/p>\n","protected":false},"excerpt":{"rendered":"<p>O Guaran\u00ed (Paraguai) frustrou a torcida do Am\u00e9rica-MG na estreia do clube na Libertadores. Nesta quarta-feira (23), o Coelho foi superado pelo rival por 1 a 0, no Independ\u00eancia, em Belo Horizonte, pela segunda fase preliminar da competi\u00e7\u00e3o. As equipes se reencontram na pr\u00f3xima quarta-feira (2), no Est\u00e1dio Defensores del Chaco, em Assun\u00e7\u00e3o (Paraguai), \u00e0s [&hellip;]<\/p>\n","protected":false},"author":246,"featured_media":195473,"comment_status":"closed","ping_status":"closed","sticky":false,"template":"","format":"standard","meta":{"footnotes":""},"categories":[436,257,439],"tags":[],"class_list":["post-195472","post","type-post","status-publish","format-standard","has-post-thumbnail","hentry","category-destaque-da-semana","category-esporte","category-ultima-hora"],"_links":{"self":[{"href":"https:\/\/diarioregionaldigital.com.br\/index.php?rest_route=\/wp\/v2\/posts\/195472","targetHints":{"allow":["GET"]}}],"collection":[{"href":"https:\/\/diarioregionaldigital.com.br\/index.php?rest_route=\/wp\/v2\/posts"}],"about":[{"href":"https:\/\/diarioregionaldigital.com.br\/index.php?rest_route=\/wp\/v2\/types\/post"}],"author":[{"embeddable":true,"href":"https:\/\/diarioregionaldigital.com.br\/index.php?rest_route=\/wp\/v2\/users\/246"}],"replies":[{"embeddable":true,"href":"https:\/\/diarioregionaldigital.com.br\/index.php?rest_route=%2Fwp%2Fv2%2Fcomments&post=195472"}],"version-history":[{"count":1,"href":"https:\/\/diarioregionaldigital.com.br\/index.php?rest_route=\/wp\/v2\/posts\/195472\/revisions"}],"predecessor-version":[{"id":195474,"href":"https:\/\/diarioregionaldigital.com.br\/index.php?rest_route=\/wp\/v2\/posts\/195472\/revisions\/195474"}],"wp:featuredmedia":[{"embeddable":true,"href":"https:\/\/diarioregionaldigital.com.br\/index.php?rest_route=\/wp\/v2\/media\/195473"}],"wp:attachment":[{"href":"https:\/\/diarioregionaldigital.com.br\/index.php?rest_route=%2Fwp%2Fv2%2Fmedia&parent=195472"}],"wp:term":[{"taxonomy":"category","embeddable":true,"href":"https:\/\/diarioregionaldigital.com.br\/index.php?rest_route=%2Fwp%2Fv2%2Fcategories&post=195472"},{"taxonomy":"post_tag","embeddable":true,"href":"https:\/\/diarioregionaldigital.com.br\/index.php?rest_route=%2Fwp%2Fv2%2Ftags&post=195472"}],"curies":[{"name":"wp","href":"https:\/\/api.w.org\/{rel}","templated":true}]}}