{"id":195469,"date":"2022-02-24T17:12:00","date_gmt":"2022-02-24T20:12:00","guid":{"rendered":"https:\/\/diarioregionaldigital.com.br\/?p=195469"},"modified":"2022-02-24T17:12:00","modified_gmt":"2022-02-24T20:12:00","slug":"brasil-sera-sede-da-copa-america-de-basquete-em-cadeira-de-rodas","status":"publish","type":"post","link":"https:\/\/diarioregionaldigital.com.br\/?p=195469","title":{"rendered":"Brasil ser\u00e1 sede da Copa Am\u00e9rica de basquete em cadeira de rodas"},"content":{"rendered":"<p>A Federa\u00e7\u00e3o Internacional de Basquete em Cadeira de Rodas (IWBF, sigla em ingl\u00eas) confirmou nesta quarta-feira (23) que o Brasil sediar\u00e1 a Copa Am\u00e9rica da modalidade, entre os dias 9 e 19 de julho. Os jogos da competi\u00e7\u00e3o ser\u00e3o realizados no Centro de Treinamento Paral\u00edmpico, em S\u00e3o Paulo.<img decoding=\"async\" src=\"https:\/\/agenciabrasil.ebc.com.br\/ebc.png?id=1444449&amp;o=node\" \/><img decoding=\"async\" src=\"https:\/\/agenciabrasil.ebc.com.br\/ebc.gif?id=1444449&amp;o=node\" \/><\/p>\n<p>&#8220;Estamos muito felizes pela chance de receber esse importante torneio. O Brasil sediou a Copa Am\u00e9rica em 2002 e estamos prontos para receber a fam\u00edlia do basquete em cadeira de rodas do continente novamente em S\u00e3o Paulo&#8221;, celebrou o presidente da Confedera\u00e7\u00e3o Brasileira de Basquetebol em Cadeira de Rodas (CBBC), Mario Belo, ao site da IWBF.<\/p>\n<p>O torneio reunir\u00e1 oito sele\u00e7\u00f5es &#8211; tanto no masculino, como no feminino &#8211; e ser\u00e1 classificat\u00f3rio para o Campeonato Mundial de Dubai (Emirados \u00c1rabes Unidos), de 16 a 27 de novembro. As quatro melhores equipes entre os homens e as tr\u00eas entre as mulheres ter\u00e3o vaga na competi\u00e7\u00e3o em solo asi\u00e1tico.<\/p>\n<p>A edi\u00e7\u00e3o anterior da Copa Am\u00e9rica foi disputada em Cali (Col\u00f4mbia), em 2017. A sele\u00e7\u00e3o feminina conquistou a medalha de bronze, enquanto a masculina ficou na quarta posi\u00e7\u00e3o. Ambas se classificaram para o Mundial do ano seguinte, em Hamburgo (Alemanha).<\/p>\n<p>&#8220;Os \u00faltimos tr\u00eas anos foram dif\u00edceis, com chances limitadas das equipes competirem, ent\u00e3o todos est\u00e3o animados por finalmente termos um pa\u00eds-sede e uma data confirmada&#8221;, destacou o presidente da IWBF nas Am\u00e9ricas, Steve Bach, tamb\u00e9m ao site da entidade.<\/p>\n<p><strong>Confira os participantes:<\/strong><\/p>\n<table class=\"dcf-table dcf-table-responsive dcf-table-bordered dcf-table-striped dcf-w-100%\">\n<tbody>\n<tr>\n<th scope=\"row\">Masculino<\/th>\n<td data-label=\"Masculino\">Brasil, Argentina, Col\u00f4mbia, Venezuela, M\u00e9xico, Porto Rico, Canad\u00e1 e Estados Unidos<\/td>\n<\/tr>\n<tr>\n<th scope=\"row\">Feminino<\/th>\n<td data-label=\"Feminino\">Brasil, Argentina, Bol\u00edvia, Chile, Guatemala, M\u00e9xico, Canad\u00e1 e Estados Unidos<\/td>\n<\/tr>\n<\/tbody>\n<\/table>\n<p>Fonte: Ag\u00eancia Brasil<\/p>\n","protected":false},"excerpt":{"rendered":"<p>A Federa\u00e7\u00e3o Internacional de Basquete em Cadeira de Rodas (IWBF, sigla em ingl\u00eas) confirmou nesta quarta-feira (23) que o Brasil sediar\u00e1 a Copa Am\u00e9rica da modalidade, entre os dias 9 e 19 de julho. Os jogos da competi\u00e7\u00e3o ser\u00e3o realizados no Centro de Treinamento Paral\u00edmpico, em S\u00e3o Paulo. &#8220;Estamos muito felizes pela chance de receber [&hellip;]<\/p>\n","protected":false},"author":246,"featured_media":195470,"comment_status":"closed","ping_status":"closed","sticky":false,"template":"","format":"standard","meta":{"footnotes":""},"categories":[436,257,439],"tags":[],"class_list":["post-195469","post","type-post","status-publish","format-standard","has-post-thumbnail","hentry","category-destaque-da-semana","category-esporte","category-ultima-hora"],"_links":{"self":[{"href":"https:\/\/diarioregionaldigital.com.br\/index.php?rest_route=\/wp\/v2\/posts\/195469","targetHints":{"allow":["GET"]}}],"collection":[{"href":"https:\/\/diarioregionaldigital.com.br\/index.php?rest_route=\/wp\/v2\/posts"}],"about":[{"href":"https:\/\/diarioregionaldigital.com.br\/index.php?rest_route=\/wp\/v2\/types\/post"}],"author":[{"embeddable":true,"href":"https:\/\/diarioregionaldigital.com.br\/index.php?rest_route=\/wp\/v2\/users\/246"}],"replies":[{"embeddable":true,"href":"https:\/\/diarioregionaldigital.com.br\/index.php?rest_route=%2Fwp%2Fv2%2Fcomments&post=195469"}],"version-history":[{"count":1,"href":"https:\/\/diarioregionaldigital.com.br\/index.php?rest_route=\/wp\/v2\/posts\/195469\/revisions"}],"predecessor-version":[{"id":195471,"href":"https:\/\/diarioregionaldigital.com.br\/index.php?rest_route=\/wp\/v2\/posts\/195469\/revisions\/195471"}],"wp:featuredmedia":[{"embeddable":true,"href":"https:\/\/diarioregionaldigital.com.br\/index.php?rest_route=\/wp\/v2\/media\/195470"}],"wp:attachment":[{"href":"https:\/\/diarioregionaldigital.com.br\/index.php?rest_route=%2Fwp%2Fv2%2Fmedia&parent=195469"}],"wp:term":[{"taxonomy":"category","embeddable":true,"href":"https:\/\/diarioregionaldigital.com.br\/index.php?rest_route=%2Fwp%2Fv2%2Fcategories&post=195469"},{"taxonomy":"post_tag","embeddable":true,"href":"https:\/\/diarioregionaldigital.com.br\/index.php?rest_route=%2Fwp%2Fv2%2Ftags&post=195469"}],"curies":[{"name":"wp","href":"https:\/\/api.w.org\/{rel}","templated":true}]}}